{"id":1010,"global_id":"culturaalimentaria.org\/2024?id=1010","global_id_lineage":["culturaalimentaria.org\/2024?id=1010"],"author":"1","status":"publish","date":"2024-09-10 13:34:46","date_utc":"2024-09-10 11:34:46","modified":"2024-09-10 13:51:38","modified_utc":"2024-09-10 11:51:38","url":"https:\/\/culturaalimentaria.org\/2024\/actividad\/charla-en-daroca\/","rest_url":"https:\/\/culturaalimentaria.org\/2024\/wp-json\/tribe\/events\/v1\/events\/1010","title":"Charla en Daroca","description":"<p><span style=\"color: #7fae38;\"><strong>CHARLA:<\/strong>\u00a0<strong>\u00abEl coste ambiental de lo que comemos.<\/strong><\/span><br \/>\n<span style=\"color: #7fae38;\"><strong>C\u00f3mo la producci\u00f3n de alimentos y nuestros h\u00e1bitos de consumo afectan al medioambiente.\u00bb<\/strong><\/span><\/p>\n<p>Campa\u00f1a de concienciaci\u00f3n y sensibilizaci\u00f3n en educaci\u00f3n ambiental<\/p>\n<p>Ponente: Alfonso Lacuesta<br \/>\n<em>Ingeniero T\u00e9cnico Agr\u00edcola &#8211; Agente de Desarrollo Rural e Innovaci\u00f3n<\/em><\/p>\n<p>Colabora: Ayuntamiento de Daroca<\/p>","excerpt":"<p>CAMPA\u00d1A DE EDUCACI\u00d3N AMBIENTAL<br \/>\nCharla: El coste ambiental de nuestra alimentaci\u00f3n.<br \/>\nC\u00f3mo la producci\u00f3n de alimentos y nuestros h\u00e1bitos de consumo afectan al medioambiente.<\/p>","slug":"charla-en-daroca","image":{"url":"https:\/\/culturaalimentaria.org\/2024\/wp-content\/uploads\/2024\/09\/daroca-2.webp","id":1016,"extension":"webp","width":283,"height":283,"filesize":29196,"sizes":{"thumbnail":{"width":150,"height":150,"mime-type":"image\/webp","filesize":9172,"url":"https:\/\/culturaalimentaria.org\/2024\/wp-content\/uploads\/2024\/09\/daroca-2-150x150.webp"},"himalayas-featured-image":{"width":283,"height":142,"mime-type":"image\/webp","filesize":17342,"url":"https:\/\/culturaalimentaria.org\/2024\/wp-content\/uploads\/2024\/09\/daroca-2-283x142.webp"},"himalayas-services":{"width":283,"height":280,"mime-type":"image\/webp","filesize":22100,"url":"https:\/\/culturaalimentaria.org\/2024\/wp-content\/uploads\/2024\/09\/daroca-2-283x280.webp"},"cmplz_banner_image":{"width":283,"height":100,"mime-type":"image\/webp","filesize":11770,"url":"https:\/\/culturaalimentaria.org\/2024\/wp-content\/uploads\/2024\/09\/daroca-2-283x100.webp"}}},"all_day":false,"start_date":"2024-09-27 19:00:00","start_date_details":{"year":"2024","month":"09","day":"27","hour":"19","minutes":"00","seconds":"00"},"end_date":"2024-09-27 20:30:00","end_date_details":{"year":"2024","month":"09","day":"27","hour":"20","minutes":"30","seconds":"00"},"utc_start_date":"2024-09-27 17:00:00","utc_start_date_details":{"year":"2024","month":"09","day":"27","hour":"17","minutes":"00","seconds":"00"},"utc_end_date":"2024-09-27 18:30:00","utc_end_date_details":{"year":"2024","month":"09","day":"27","hour":"18","minutes":"30","seconds":"00"},"timezone":"Europe\/Madrid","timezone_abbr":"CEST","cost":"Free","cost_details":{"currency_symbol":"$","currency_code":"USD","currency_position":"prefix","values":["0"]},"website":"https:\/\/www.darocaderioja.es\/","show_map":true,"show_map_link":false,"hide_from_listings":false,"sticky":false,"featured":false,"categories":[],"tags":[{"name":"charla","slug":"charla","term_group":0,"term_taxonomy_id":9,"taxonomy":"post_tag","description":"","parent":0,"count":73,"filter":"raw","id":9,"urls":{"self":"https:\/\/culturaalimentaria.org\/2024\/wp-json\/tribe\/events\/v1\/tags\/9","collection":"https:\/\/culturaalimentaria.org\/2024\/wp-json\/tribe\/events\/v1\/tags"}},{"name":"Daroca","slug":"daroca","term_group":0,"term_taxonomy_id":23,"taxonomy":"post_tag","description":"","parent":0,"count":1,"filter":"raw","id":23,"urls":{"self":"https:\/\/culturaalimentaria.org\/2024\/wp-json\/tribe\/events\/v1\/tags\/23","collection":"https:\/\/culturaalimentaria.org\/2024\/wp-json\/tribe\/events\/v1\/tags"}}],"venue":{"id":1012,"author":"1","status":"publish","date":"2024-09-10 13:34:46","date_utc":"2024-09-10 11:34:46","modified":"2024-09-10 13:34:46","modified_utc":"2024-09-10 11:34:46","url":"https:\/\/culturaalimentaria.org\/2024\/local\/salon-de-usos-multiples-ayuntamiento-daroca\/","venue":"Sal\u00f3n de usos m\u00faltiples Ayuntamiento Daroca","slug":"salon-de-usos-multiples-ayuntamiento-daroca","address":"Plaza mayor s\/n","city":"Daroca de Rioja","country":"Spain","province":"La Rioja","zip":"26373","stateprovince":"La Rioja","json_ld":{"@type":"Place","name":"Sal\u00f3n de usos m\u00faltiples Ayuntamiento Daroca","description":"","url":"","address":{"@type":"PostalAddress","streetAddress":"Plaza mayor s\/n","addressLocality":"Daroca de Rioja","addressRegion":"La Rioja","postalCode":"26373","addressCountry":"Spain"},"telephone":"","sameAs":""},"show_map":false,"show_map_link":false,"global_id":"culturaalimentaria.org\/2024?id=1012","global_id_lineage":["culturaalimentaria.org\/2024?id=1012"]},"organizer":[{"id":949,"author":"1","status":"publish","date":"2024-08-30 19:22:58","date_utc":"2024-08-30 17:22:58","modified":"2024-08-30 19:22:58","modified_utc":"2024-08-30 17:22:58","url":"https:\/\/culturaalimentaria.org\/2024\/organizador\/asociacion-alimentum\/","organizer":"Asociaci\u00f3n Alimentum","slug":"asociacion-alimentum","json_ld":{"@type":"Person","name":"Asociaci\u00f3n Alimentum","description":"","url":"","telephone":"","email":"","sameAs":""},"global_id":"culturaalimentaria.org\/2024?id=949","global_id_lineage":["culturaalimentaria.org\/2024?id=949"]}],"custom_fields":[],"json_ld":{"@context":"http:\/\/schema.org","@type":"Event","name":"Charla en Daroca","description":"&lt;p&gt;CAMPA\u00d1A DE EDUCACI\u00d3N AMBIENTAL&lt;br \/&gt;\\nCharla: El coste ambiental de nuestra alimentaci\u00f3n.&lt;br \/&gt;\\nC\u00f3mo la producci\u00f3n de alimentos y nuestros h\u00e1bitos de consumo afectan al medioambiente.&lt;\/p&gt;\\n","image":"https:\/\/culturaalimentaria.org\/2024\/wp-content\/uploads\/2024\/09\/daroca-2.webp","url":"https:\/\/culturaalimentaria.org\/2024\/actividad\/charla-en-daroca\/","eventAttendanceMode":"https:\/\/schema.org\/OfflineEventAttendanceMode","eventStatus":"https:\/\/schema.org\/EventScheduled","startDate":"2024-09-27T19:00:00+02:00","endDate":"2024-09-27T20:30:00+02:00","location":{"@type":"Place","name":"Sal\u00f3n de usos m\u00faltiples Ayuntamiento Daroca","description":"","url":"","address":{"@type":"PostalAddress","streetAddress":"Plaza mayor s\/n","addressLocality":"Daroca de Rioja","addressRegion":"La Rioja","postalCode":"26373","addressCountry":"Spain"},"telephone":"","sameAs":""},"organizer":{"@type":"Person","name":"Asociaci\u00f3n Alimentum","description":"","url":"","telephone":"","email":"","sameAs":""},"offers":{"@type":"Offer","price":"Free","priceCurrency":"USD","url":"https:\/\/culturaalimentaria.org\/2024\/actividad\/charla-en-daroca\/","category":"primary","availability":"inStock","validFrom":"1970-01-01T00:00:00+00:00"},"performer":"Organization"}}