{"id":1033,"global_id":"culturaalimentaria.org\/2024?id=1033","global_id_lineage":["culturaalimentaria.org\/2024?id=1033"],"author":"1","status":"publish","date":"2024-09-11 13:22:36","date_utc":"2024-09-11 11:22:36","modified":"2024-09-23 13:04:48","modified_utc":"2024-09-23 11:04:48","url":"https:\/\/culturaalimentaria.org\/2024\/actividad\/la-salle-basico\/","rest_url":"https:\/\/culturaalimentaria.org\/2024\/wp-json\/tribe\/events\/v1\/events\/1033","title":"Charla en C.P.E.S. La Salle-La Estrella. San Asensio. Aula Grado B\u00e1sico.","description":"<p><span style=\"color: #7fae38;\"><strong>CHARLA:<\/strong>\u00a0<strong>\u00abEl coste ambiental de lo que comemos.<\/strong><\/span><br \/>\n<span style=\"color: #7fae38;\"><strong>C\u00f3mo la producci\u00f3n de alimentos y nuestros h\u00e1bitos de consumo afectan al medioambiente.\u00bb<\/strong><\/span><\/p>\n<p>Campa\u00f1a de concienciaci\u00f3n y sensibilizaci\u00f3n en educaci\u00f3n ambiental<\/p>\n<p>Ponente: Alfonso Lacuesta<br \/>\n<em>Ingeniero T\u00e9cnico Agr\u00edcola &#8211; Agente de Desarrollo Rural e Innovaci\u00f3n<\/em><\/p>\n<p>Colabora: C.P.E.S. La Salle-La Estrella. San Asensio.<\/p>","excerpt":"<p>CAMPA\u00d1A DE EDUCACI\u00d3N AMBIENTAL<br \/>\nCharla: El coste ambiental de nuestra alimentaci\u00f3n.<br \/>\nC\u00f3mo la producci\u00f3n de alimentos y nuestros h\u00e1bitos de consumo afectan al medioambiente.<\/p>","slug":"la-salle-basico","image":{"url":"https:\/\/culturaalimentaria.org\/2024\/wp-content\/uploads\/2024\/09\/La-Sallle-La-Estrella-San-Asencio-1.webp","id":1032,"extension":"webp","width":283,"height":283,"filesize":22864,"sizes":{"thumbnail":{"width":150,"height":150,"mime-type":"image\/webp","filesize":6214,"url":"https:\/\/culturaalimentaria.org\/2024\/wp-content\/uploads\/2024\/09\/La-Sallle-La-Estrella-San-Asencio-1-150x150.webp"},"himalayas-featured-image":{"width":283,"height":142,"mime-type":"image\/webp","filesize":9142,"url":"https:\/\/culturaalimentaria.org\/2024\/wp-content\/uploads\/2024\/09\/La-Sallle-La-Estrella-San-Asencio-1-283x142.webp"},"himalayas-services":{"width":283,"height":280,"mime-type":"image\/webp","filesize":13460,"url":"https:\/\/culturaalimentaria.org\/2024\/wp-content\/uploads\/2024\/09\/La-Sallle-La-Estrella-San-Asencio-1-283x280.webp"},"cmplz_banner_image":{"width":283,"height":100,"mime-type":"image\/webp","filesize":7288,"url":"https:\/\/culturaalimentaria.org\/2024\/wp-content\/uploads\/2024\/09\/La-Sallle-La-Estrella-San-Asencio-1-283x100.webp"}}},"all_day":false,"start_date":"2024-09-24 09:30:00","start_date_details":{"year":"2024","month":"09","day":"24","hour":"09","minutes":"30","seconds":"00"},"end_date":"2024-09-24 11:00:00","end_date_details":{"year":"2024","month":"09","day":"24","hour":"11","minutes":"00","seconds":"00"},"utc_start_date":"2024-09-24 07:30:00","utc_start_date_details":{"year":"2024","month":"09","day":"24","hour":"07","minutes":"30","seconds":"00"},"utc_end_date":"2024-09-24 09:00:00","utc_end_date_details":{"year":"2024","month":"09","day":"24","hour":"09","minutes":"00","seconds":"00"},"timezone":"Europe\/Madrid","timezone_abbr":"CEST","cost":"Free","cost_details":{"currency_symbol":"$","currency_code":"USD","currency_position":"prefix","values":["0"]},"website":"https:\/\/lasallesanasensio.es\/","show_map":true,"show_map_link":false,"hide_from_listings":false,"sticky":false,"featured":false,"categories":[],"tags":[{"name":"C.P.E.S. La Salle-La Estrella","slug":"c-p-e-s-la-salle-la-estrella","term_group":0,"term_taxonomy_id":29,"taxonomy":"post_tag","description":"","parent":0,"count":2,"filter":"raw","id":29,"urls":{"self":"https:\/\/culturaalimentaria.org\/2024\/wp-json\/tribe\/events\/v1\/tags\/29","collection":"https:\/\/culturaalimentaria.org\/2024\/wp-json\/tribe\/events\/v1\/tags"}},{"name":"charla","slug":"charla","term_group":0,"term_taxonomy_id":9,"taxonomy":"post_tag","description":"","parent":0,"count":73,"filter":"raw","id":9,"urls":{"self":"https:\/\/culturaalimentaria.org\/2024\/wp-json\/tribe\/events\/v1\/tags\/9","collection":"https:\/\/culturaalimentaria.org\/2024\/wp-json\/tribe\/events\/v1\/tags"}},{"name":"San Asensio","slug":"san-asensio","term_group":0,"term_taxonomy_id":28,"taxonomy":"post_tag","description":"","parent":0,"count":3,"filter":"raw","id":28,"urls":{"self":"https:\/\/culturaalimentaria.org\/2024\/wp-json\/tribe\/events\/v1\/tags\/28","collection":"https:\/\/culturaalimentaria.org\/2024\/wp-json\/tribe\/events\/v1\/tags"}}],"venue":{"id":1034,"author":"1","status":"publish","date":"2024-09-11 13:22:36","date_utc":"2024-09-11 11:22:36","modified":"2024-09-11 13:22:36","modified_utc":"2024-09-11 11:22:36","url":"https:\/\/culturaalimentaria.org\/2024\/local\/c-p-e-s-la-salle-la-estrella\/","venue":"C.P.E.S. La Salle-La Estrella","slug":"c-p-e-s-la-salle-la-estrella","address":"Camino de La Estrella, 5","city":"San Asensio","country":"Spain","province":"La Rioja","zip":"26340","stateprovince":"La Rioja","json_ld":{"@type":"Place","name":"C.P.E.S. La Salle-La Estrella","description":"","url":"","address":{"@type":"PostalAddress","streetAddress":"Camino de La Estrella, 5","addressLocality":"San Asensio","addressRegion":"La Rioja","postalCode":"26340","addressCountry":"Spain"},"telephone":"","sameAs":""},"show_map":false,"show_map_link":false,"global_id":"culturaalimentaria.org\/2024?id=1034","global_id_lineage":["culturaalimentaria.org\/2024?id=1034"]},"organizer":[{"id":949,"author":"1","status":"publish","date":"2024-08-30 19:22:58","date_utc":"2024-08-30 17:22:58","modified":"2024-08-30 19:22:58","modified_utc":"2024-08-30 17:22:58","url":"https:\/\/culturaalimentaria.org\/2024\/organizador\/asociacion-alimentum\/","organizer":"Asociaci\u00f3n Alimentum","slug":"asociacion-alimentum","json_ld":{"@type":"Person","name":"Asociaci\u00f3n Alimentum","description":"","url":"","telephone":"","email":"","sameAs":""},"global_id":"culturaalimentaria.org\/2024?id=949","global_id_lineage":["culturaalimentaria.org\/2024?id=949"]}],"custom_fields":[],"json_ld":{"@context":"http:\/\/schema.org","@type":"Event","name":"Charla en C.P.E.S. La Salle-La Estrella. San Asensio. Aula Grado B\u00e1sico.","description":"&lt;p&gt;CAMPA\u00d1A DE EDUCACI\u00d3N AMBIENTAL&lt;br \/&gt;\\nCharla: El coste ambiental de nuestra alimentaci\u00f3n.&lt;br \/&gt;\\nC\u00f3mo la producci\u00f3n de alimentos y nuestros h\u00e1bitos de consumo afectan al medioambiente.&lt;\/p&gt;\\n","image":"https:\/\/culturaalimentaria.org\/2024\/wp-content\/uploads\/2024\/09\/La-Sallle-La-Estrella-San-Asencio-1.webp","url":"https:\/\/culturaalimentaria.org\/2024\/actividad\/la-salle-basico\/","eventAttendanceMode":"https:\/\/schema.org\/OfflineEventAttendanceMode","eventStatus":"https:\/\/schema.org\/EventScheduled","startDate":"2024-09-24T09:30:00+02:00","endDate":"2024-09-24T11:00:00+02:00","location":{"@type":"Place","name":"C.P.E.S. La Salle-La Estrella","description":"","url":"","address":{"@type":"PostalAddress","streetAddress":"Camino de La Estrella, 5","addressLocality":"San Asensio","addressRegion":"La Rioja","postalCode":"26340","addressCountry":"Spain"},"telephone":"","sameAs":""},"organizer":{"@type":"Person","name":"Asociaci\u00f3n Alimentum","description":"","url":"","telephone":"","email":"","sameAs":""},"offers":{"@type":"Offer","price":"Free","priceCurrency":"USD","url":"https:\/\/culturaalimentaria.org\/2024\/actividad\/la-salle-basico\/","category":"primary","availability":"inStock","validFrom":"1970-01-01T00:00:00+00:00"},"performer":"Organization"}}