{"id":1059,"global_id":"culturaalimentaria.org\/2024?id=1059","global_id_lineage":["culturaalimentaria.org\/2024?id=1059"],"author":"1","status":"publish","date":"2024-09-17 13:40:00","date_utc":"2024-09-17 11:40:00","modified":"2024-09-25 19:42:40","modified_utc":"2024-09-25 17:42:40","url":"https:\/\/culturaalimentaria.org\/2024\/actividad\/charla-en-sies-murillo-de-rio-leza-2eso\/","rest_url":"https:\/\/culturaalimentaria.org\/2024\/wp-json\/tribe\/events\/v1\/events\/1059","title":"Charla en SIES Murillo de R\u00edo Leza 2\u00baESO","description":"<p><span style=\"color: #7fae38;\"><strong>CHARLA:<\/strong>\u00a0<strong>\u00abEl coste ambiental de lo que comemos.<\/strong><\/span><br \/>\n<span style=\"color: #7fae38;\"><strong>C\u00f3mo la producci\u00f3n de alimentos y nuestros h\u00e1bitos de consumo afectan al medioambiente.\u00bb<\/strong><\/span><\/p>\n<p>Campa\u00f1a de concienciaci\u00f3n y sensibilizaci\u00f3n en educaci\u00f3n ambiental<\/p>\n<p>Ponente: Alfonso Lacuesta<br \/>\n<em>Ingeniero T\u00e9cnico Agr\u00edcola &#8211; Agente de Desarrollo Rural e Innovaci\u00f3n<\/em><\/p>\n<p>Colabora: SIES Murillo de R\u00edo Leza<\/p>","excerpt":"<p>CAMPA\u00d1A DE EDUCACI\u00d3N AMBIENTAL<br \/>\nCharla: El coste ambiental de nuestra alimentaci\u00f3n.<br \/>\nC\u00f3mo la producci\u00f3n de alimentos y nuestros h\u00e1bitos de consumo afectan al medioambiente.<\/p>","slug":"charla-en-sies-murillo-de-rio-leza-2eso","image":{"url":"https:\/\/culturaalimentaria.org\/2024\/wp-content\/uploads\/2024\/09\/IES-LABORAL-SIES-MURILLO-1.webp","id":1115,"extension":"webp","width":283,"height":283,"filesize":14096,"sizes":{"thumbnail":{"width":150,"height":150,"mime-type":"image\/webp","filesize":2420,"url":"https:\/\/culturaalimentaria.org\/2024\/wp-content\/uploads\/2024\/09\/IES-LABORAL-SIES-MURILLO-1-150x150.webp"},"himalayas-featured-image":{"width":283,"height":142,"mime-type":"image\/webp","filesize":2912,"url":"https:\/\/culturaalimentaria.org\/2024\/wp-content\/uploads\/2024\/09\/IES-LABORAL-SIES-MURILLO-1-283x142.webp"},"himalayas-services":{"width":283,"height":280,"mime-type":"image\/webp","filesize":4372,"url":"https:\/\/culturaalimentaria.org\/2024\/wp-content\/uploads\/2024\/09\/IES-LABORAL-SIES-MURILLO-1-283x280.webp"},"cmplz_banner_image":{"width":283,"height":100,"mime-type":"image\/webp","filesize":1632,"url":"https:\/\/culturaalimentaria.org\/2024\/wp-content\/uploads\/2024\/09\/IES-LABORAL-SIES-MURILLO-1-283x100.webp"}}},"all_day":false,"start_date":"2024-10-01 10:00:00","start_date_details":{"year":"2024","month":"10","day":"01","hour":"10","minutes":"00","seconds":"00"},"end_date":"2024-10-01 11:00:00","end_date_details":{"year":"2024","month":"10","day":"01","hour":"11","minutes":"00","seconds":"00"},"utc_start_date":"2024-10-01 08:00:00","utc_start_date_details":{"year":"2024","month":"10","day":"01","hour":"08","minutes":"00","seconds":"00"},"utc_end_date":"2024-10-01 09:00:00","utc_end_date_details":{"year":"2024","month":"10","day":"01","hour":"09","minutes":"00","seconds":"00"},"timezone":"Europe\/Madrid","timezone_abbr":"CEST","cost":"Free","cost_details":{"currency_symbol":"$","currency_code":"USD","currency_position":"prefix","values":["0"]},"website":"https:\/\/ieslalaboral.larioja.edu.es\/","show_map":true,"show_map_link":true,"hide_from_listings":false,"sticky":false,"featured":false,"categories":[],"tags":[{"name":"charla","slug":"charla","term_group":0,"term_taxonomy_id":9,"taxonomy":"post_tag","description":"","parent":0,"count":73,"filter":"raw","id":9,"urls":{"self":"https:\/\/culturaalimentaria.org\/2024\/wp-json\/tribe\/events\/v1\/tags\/9","collection":"https:\/\/culturaalimentaria.org\/2024\/wp-json\/tribe\/events\/v1\/tags"}},{"name":"SIES Murillo","slug":"sies-murillo","term_group":0,"term_taxonomy_id":33,"taxonomy":"post_tag","description":"","parent":0,"count":3,"filter":"raw","id":33,"urls":{"self":"https:\/\/culturaalimentaria.org\/2024\/wp-json\/tribe\/events\/v1\/tags\/33","collection":"https:\/\/culturaalimentaria.org\/2024\/wp-json\/tribe\/events\/v1\/tags"}}],"venue":{"id":1056,"author":"1","status":"publish","date":"2024-09-17 13:36:32","date_utc":"2024-09-17 11:36:32","modified":"2024-09-17 13:36:32","modified_utc":"2024-09-17 11:36:32","url":"https:\/\/culturaalimentaria.org\/2024\/local\/sies-murillo-de-rio-leza\/","venue":"SIES Murillo de R\u00edo Leza","slug":"sies-murillo-de-rio-leza","address":"C. Jes\u00fas Ruiz del R\u00edo, 10","city":"Murillo de R\u00edo Leza","country":"Spain","province":"La Rioja","zip":"26143","stateprovince":"La Rioja","json_ld":{"@type":"Place","name":"SIES Murillo de R\u00edo Leza","description":"","url":"","address":{"@type":"PostalAddress","streetAddress":"C. Jes\u00fas Ruiz del R\u00edo, 10","addressLocality":"Murillo de R\u00edo Leza","addressRegion":"La Rioja","postalCode":"26143","addressCountry":"Spain"},"telephone":"","sameAs":""},"show_map":false,"show_map_link":false,"global_id":"culturaalimentaria.org\/2024?id=1056","global_id_lineage":["culturaalimentaria.org\/2024?id=1056"]},"organizer":[{"id":949,"author":"1","status":"publish","date":"2024-08-30 19:22:58","date_utc":"2024-08-30 17:22:58","modified":"2024-08-30 19:22:58","modified_utc":"2024-08-30 17:22:58","url":"https:\/\/culturaalimentaria.org\/2024\/organizador\/asociacion-alimentum\/","organizer":"Asociaci\u00f3n Alimentum","slug":"asociacion-alimentum","json_ld":{"@type":"Person","name":"Asociaci\u00f3n Alimentum","description":"","url":"","telephone":"","email":"","sameAs":""},"global_id":"culturaalimentaria.org\/2024?id=949","global_id_lineage":["culturaalimentaria.org\/2024?id=949"]}],"custom_fields":[],"json_ld":{"@context":"http:\/\/schema.org","@type":"Event","name":"Charla en SIES Murillo de R\u00edo Leza 2\u00baESO","description":"&lt;p&gt;CAMPA\u00d1A DE EDUCACI\u00d3N AMBIENTAL&lt;br \/&gt;\\nCharla: El coste ambiental de nuestra alimentaci\u00f3n.&lt;br \/&gt;\\nC\u00f3mo la producci\u00f3n de alimentos y nuestros h\u00e1bitos de consumo afectan al medioambiente.&lt;\/p&gt;\\n","image":"https:\/\/culturaalimentaria.org\/2024\/wp-content\/uploads\/2024\/09\/IES-LABORAL-SIES-MURILLO-1.webp","url":"https:\/\/culturaalimentaria.org\/2024\/actividad\/charla-en-sies-murillo-de-rio-leza-2eso\/","eventAttendanceMode":"https:\/\/schema.org\/OfflineEventAttendanceMode","eventStatus":"https:\/\/schema.org\/EventScheduled","startDate":"2024-10-01T10:00:00+02:00","endDate":"2024-10-01T11:00:00+02:00","location":{"@type":"Place","name":"SIES Murillo de R\u00edo Leza","description":"","url":"","address":{"@type":"PostalAddress","streetAddress":"C. Jes\u00fas Ruiz del R\u00edo, 10","addressLocality":"Murillo de R\u00edo Leza","addressRegion":"La Rioja","postalCode":"26143","addressCountry":"Spain"},"telephone":"","sameAs":""},"organizer":{"@type":"Person","name":"Asociaci\u00f3n Alimentum","description":"","url":"","telephone":"","email":"","sameAs":""},"offers":{"@type":"Offer","price":"Free","priceCurrency":"USD","url":"https:\/\/culturaalimentaria.org\/2024\/actividad\/charla-en-sies-murillo-de-rio-leza-2eso\/","category":"primary","availability":"inStock","validFrom":"1970-01-01T00:00:00+00:00"},"performer":"Organization"}}