{"id":1067,"global_id":"culturaalimentaria.org\/2024?id=1067","global_id_lineage":["culturaalimentaria.org\/2024?id=1067"],"author":"1","status":"publish","date":"2024-09-18 13:13:52","date_utc":"2024-09-18 11:13:52","modified":"2024-09-18 13:24:22","modified_utc":"2024-09-18 11:24:22","url":"https:\/\/culturaalimentaria.org\/2024\/actividad\/charla-iesdn-3ac\/","rest_url":"https:\/\/culturaalimentaria.org\/2024\/wp-json\/tribe\/events\/v1\/events\/1067","title":"Charla en IES Duques de N\u00e1jera 3\u00ba ESO (A y C)","description":"<p><span style=\"color: #7fae38;\"><strong>CHARLA:<\/strong>\u00a0<strong>\u00abEl coste ambiental de lo que comemos.<\/strong><\/span><br \/>\n<span style=\"color: #7fae38;\"><strong>C\u00f3mo la producci\u00f3n de alimentos y nuestros h\u00e1bitos de consumo afectan al medioambiente.\u00bb<\/strong><\/span><\/p>\n<p>Campa\u00f1a de concienciaci\u00f3n y sensibilizaci\u00f3n en educaci\u00f3n ambiental<\/p>\n<p>Ponente: Alfonso Lacuesta<br \/>\n<em>Ingeniero T\u00e9cnico Agr\u00edcola &#8211; Agente de Desarrollo Rural e Innovaci\u00f3n<\/em><\/p>\n<p>Colabora: IES Duques de N\u00e1jera<\/p>","excerpt":"<p>CAMPA\u00d1A DE EDUCACI\u00d3N AMBIENTAL<br \/>\nCharla: El coste ambiental de nuestra alimentaci\u00f3n.<br \/>\nC\u00f3mo la producci\u00f3n de alimentos y nuestros h\u00e1bitos de consumo afectan al medioambiente.<\/p>","slug":"charla-iesdn-3ac","image":{"url":"https:\/\/culturaalimentaria.org\/2024\/wp-content\/uploads\/2024\/09\/IES-DUQUES-NAJERA.webp","id":1066,"extension":"webp","width":283,"height":283,"filesize":10558,"sizes":{"thumbnail":{"width":150,"height":150,"mime-type":"image\/webp","filesize":2180,"url":"https:\/\/culturaalimentaria.org\/2024\/wp-content\/uploads\/2024\/09\/IES-DUQUES-NAJERA-150x150.webp"},"himalayas-featured-image":{"width":283,"height":142,"mime-type":"image\/webp","filesize":4418,"url":"https:\/\/culturaalimentaria.org\/2024\/wp-content\/uploads\/2024\/09\/IES-DUQUES-NAJERA-283x142.webp"},"himalayas-services":{"width":283,"height":280,"mime-type":"image\/webp","filesize":4340,"url":"https:\/\/culturaalimentaria.org\/2024\/wp-content\/uploads\/2024\/09\/IES-DUQUES-NAJERA-283x280.webp"},"cmplz_banner_image":{"width":283,"height":100,"mime-type":"image\/webp","filesize":4266,"url":"https:\/\/culturaalimentaria.org\/2024\/wp-content\/uploads\/2024\/09\/IES-DUQUES-NAJERA-283x100.webp"}}},"all_day":false,"start_date":"2024-10-21 11:30:00","start_date_details":{"year":"2024","month":"10","day":"21","hour":"11","minutes":"30","seconds":"00"},"end_date":"2024-10-21 12:30:00","end_date_details":{"year":"2024","month":"10","day":"21","hour":"12","minutes":"30","seconds":"00"},"utc_start_date":"2024-10-21 09:30:00","utc_start_date_details":{"year":"2024","month":"10","day":"21","hour":"09","minutes":"30","seconds":"00"},"utc_end_date":"2024-10-21 10:30:00","utc_end_date_details":{"year":"2024","month":"10","day":"21","hour":"10","minutes":"30","seconds":"00"},"timezone":"Europe\/Madrid","timezone_abbr":"CEST","cost":"Free","cost_details":{"currency_symbol":"$","currency_code":"USD","currency_position":"prefix","values":["0"]},"website":"https:\/\/www.iesduquesdenajera.com\/","show_map":true,"show_map_link":true,"hide_from_listings":false,"sticky":false,"featured":false,"categories":[],"tags":[{"name":"charla","slug":"charla","term_group":0,"term_taxonomy_id":9,"taxonomy":"post_tag","description":"","parent":0,"count":73,"filter":"raw","id":9,"urls":{"self":"https:\/\/culturaalimentaria.org\/2024\/wp-json\/tribe\/events\/v1\/tags\/9","collection":"https:\/\/culturaalimentaria.org\/2024\/wp-json\/tribe\/events\/v1\/tags"}},{"name":"IES Duques de N\u00e1jera","slug":"ies-duques-de-najera","term_group":0,"term_taxonomy_id":35,"taxonomy":"post_tag","description":"","parent":0,"count":5,"filter":"raw","id":35,"urls":{"self":"https:\/\/culturaalimentaria.org\/2024\/wp-json\/tribe\/events\/v1\/tags\/35","collection":"https:\/\/culturaalimentaria.org\/2024\/wp-json\/tribe\/events\/v1\/tags"}}],"venue":{"id":1068,"author":"1","status":"publish","date":"2024-09-18 13:13:52","date_utc":"2024-09-18 11:13:52","modified":"2024-09-18 13:13:52","modified_utc":"2024-09-18 11:13:52","url":"https:\/\/culturaalimentaria.org\/2024\/local\/salon-de-actos-ies-duques-de-najera\/","venue":"Sal\u00f3n de Actos IES Duques de N\u00e1jera","slug":"salon-de-actos-ies-duques-de-najera","address":"C. Duques de N\u00e1jera, 100","city":"Logro\u00f1o","country":"Spain","province":"La Rioja","zip":"26005","stateprovince":"La Rioja","json_ld":{"@type":"Place","name":"Sal\u00f3n de Actos IES Duques de N\u00e1jera","description":"","url":"","address":{"@type":"PostalAddress","streetAddress":"C. Duques de N\u00e1jera, 100","addressLocality":"Logro\u00f1o","addressRegion":"La Rioja","postalCode":"26005","addressCountry":"Spain"},"telephone":"","sameAs":""},"show_map":false,"show_map_link":false,"global_id":"culturaalimentaria.org\/2024?id=1068","global_id_lineage":["culturaalimentaria.org\/2024?id=1068"]},"organizer":[{"id":949,"author":"1","status":"publish","date":"2024-08-30 19:22:58","date_utc":"2024-08-30 17:22:58","modified":"2024-08-30 19:22:58","modified_utc":"2024-08-30 17:22:58","url":"https:\/\/culturaalimentaria.org\/2024\/organizador\/asociacion-alimentum\/","organizer":"Asociaci\u00f3n Alimentum","slug":"asociacion-alimentum","json_ld":{"@type":"Person","name":"Asociaci\u00f3n Alimentum","description":"","url":"","telephone":"","email":"","sameAs":""},"global_id":"culturaalimentaria.org\/2024?id=949","global_id_lineage":["culturaalimentaria.org\/2024?id=949"]}],"custom_fields":[],"json_ld":{"@context":"http:\/\/schema.org","@type":"Event","name":"Charla en IES Duques de N\u00e1jera 3\u00ba ESO (A y C)","description":"&lt;p&gt;CAMPA\u00d1A DE EDUCACI\u00d3N AMBIENTAL&lt;br \/&gt;\\nCharla: El coste ambiental de nuestra alimentaci\u00f3n.&lt;br \/&gt;\\nC\u00f3mo la producci\u00f3n de alimentos y nuestros h\u00e1bitos de consumo afectan al medioambiente.&lt;\/p&gt;\\n","image":"https:\/\/culturaalimentaria.org\/2024\/wp-content\/uploads\/2024\/09\/IES-DUQUES-NAJERA.webp","url":"https:\/\/culturaalimentaria.org\/2024\/actividad\/charla-iesdn-3ac\/","eventAttendanceMode":"https:\/\/schema.org\/OfflineEventAttendanceMode","eventStatus":"https:\/\/schema.org\/EventScheduled","startDate":"2024-10-21T11:30:00+02:00","endDate":"2024-10-21T12:30:00+02:00","location":{"@type":"Place","name":"Sal\u00f3n de Actos IES Duques de N\u00e1jera","description":"","url":"","address":{"@type":"PostalAddress","streetAddress":"C. Duques de N\u00e1jera, 100","addressLocality":"Logro\u00f1o","addressRegion":"La Rioja","postalCode":"26005","addressCountry":"Spain"},"telephone":"","sameAs":""},"organizer":{"@type":"Person","name":"Asociaci\u00f3n Alimentum","description":"","url":"","telephone":"","email":"","sameAs":""},"offers":{"@type":"Offer","price":"Free","priceCurrency":"USD","url":"https:\/\/culturaalimentaria.org\/2024\/actividad\/charla-iesdn-3ac\/","category":"primary","availability":"inStock","validFrom":"1970-01-01T00:00:00+00:00"},"performer":"Organization"}}