{"id":1377,"global_id":"culturaalimentaria.org\/2024?id=1377","global_id_lineage":["culturaalimentaria.org\/2024?id=1377"],"author":"1","status":"publish","date":"2024-10-08 19:53:49","date_utc":"2024-10-08 17:53:49","modified":"2024-10-08 20:44:05","modified_utc":"2024-10-08 18:44:05","url":"https:\/\/culturaalimentaria.org\/2024\/actividad\/proyeccion-en-universidad-de-la-rioja-17oct\/","rest_url":"https:\/\/culturaalimentaria.org\/2024\/wp-json\/tribe\/events\/v1\/events\/1377","title":"Proyecci\u00f3n y debate en Universidad de La Rioja","description":"<p>Proyecci\u00f3n y posterior Debate: <strong>\u00abEl precio del progreso\u00bb<\/strong> de V. Luengo en la Sala de grados del Complejo Cient\u00edfico-Tecnol\u00f3gico de la Universidad de La Rioja.<\/p>\n<hr \/>\n<p><img loading=\"lazy\" decoding=\"async\" class=\"alignnone size-medium wp-image-1349\" src=\"https:\/\/culturaalimentaria.org\/2024\/wp-content\/uploads\/2024\/10\/El-precio-del-progreso-304px-210x300.webp\" alt=\"El precio del progreso\" width=\"210\" height=\"300\" srcset=\"https:\/\/culturaalimentaria.org\/2024\/wp-content\/uploads\/2024\/10\/El-precio-del-progreso-304px-210x300.webp 210w, https:\/\/culturaalimentaria.org\/2024\/wp-content\/uploads\/2024\/10\/El-precio-del-progreso-304px.webp 304w\" sizes=\"auto, (max-width: 210px) 100vw, 210px\" \/><\/p>\n<p><em>Las alarmas del calentamiento clim\u00e1tico global y la superpoblaci\u00f3n nos presionan para elegir qu\u00e9 modelo de producci\u00f3n alimentaria queremos. En este contexto, el precio del progreso explora la trama de intrigas, miedos, presiones pol\u00edticas y argumentario del lobby de las corporaciones alimentarias, con base en Europa, enfrentadas a cient\u00edficos de referencia, expertos y periodistas de investigaci\u00f3n.<\/em><br \/>\n<em>\u00bfQu\u00e9 es lo que hay en juego en la industria alimentaria? \u00bfPoder, dinero o salud?<\/em><\/p>\n<p><strong>Direcci\u00f3n:<\/strong> V\u00edctor Luengo<br \/>\n<strong>Duraci\u00f3n:<\/strong> 79min<br \/>\n<strong>A\u00f1o:<\/strong> 2020<\/p>\n<p>M\u00e1s informaci\u00f3n en <a href=\"https:\/\/sede.mcu.gob.es\/CatalogoICAA\/Peliculas\/Detalle?pelicula=124318\" target=\"_blank\" rel=\"noopener\">https:\/\/sede.mcu.gob.es\/CatalogoICAA\/Peliculas\/Detalle?pelicula=124318<\/a><\/p>\n<hr \/>\n<p>Campa\u00f1a de concienciaci\u00f3n y sensibilizaci\u00f3n en educaci\u00f3n ambiental<\/p>\n<p><span style=\"color: #7fae38;\"><strong>\u00abEl coste ambiental de lo que comemos.<\/strong><\/span><br \/>\n<span style=\"color: #7fae38;\"><strong>C\u00f3mo la producci\u00f3n de alimentos y nuestros h\u00e1bitos de consumo afectan al medioambiente.\u00bb<\/strong><\/span><\/p>\n<p>Coloquio: Alfonso Lacuesta<br \/>\n<em>Ingeniero T\u00e9cnico Agr\u00edcola &#8211; Agente de Desarrollo Rural e Innovaci\u00f3n<\/em><\/p>\n<p>Colabora: Oficina de Sostenibilidad de la Universidad de La Rioja<\/p>","excerpt":"","slug":"proyeccion-en-universidad-de-la-rioja-17oct","image":{"url":"https:\/\/culturaalimentaria.org\/2024\/wp-content\/uploads\/2024\/10\/UNLR.webp","id":1374,"extension":"webp","width":283,"height":283,"filesize":20878,"sizes":{"thumbnail":{"width":150,"height":150,"mime-type":"image\/webp","filesize":2286,"url":"https:\/\/culturaalimentaria.org\/2024\/wp-content\/uploads\/2024\/10\/UNLR-150x150.webp"},"himalayas-featured-image":{"width":283,"height":142,"mime-type":"image\/webp","filesize":4894,"url":"https:\/\/culturaalimentaria.org\/2024\/wp-content\/uploads\/2024\/10\/UNLR-283x142.webp"},"himalayas-services":{"width":283,"height":280,"mime-type":"image\/webp","filesize":5302,"url":"https:\/\/culturaalimentaria.org\/2024\/wp-content\/uploads\/2024\/10\/UNLR-283x280.webp"},"cmplz_banner_image":{"width":283,"height":100,"mime-type":"image\/webp","filesize":4632,"url":"https:\/\/culturaalimentaria.org\/2024\/wp-content\/uploads\/2024\/10\/UNLR-283x100.webp"}}},"all_day":false,"start_date":"2024-10-17 18:00:00","start_date_details":{"year":"2024","month":"10","day":"17","hour":"18","minutes":"00","seconds":"00"},"end_date":"2024-10-17 20:30:00","end_date_details":{"year":"2024","month":"10","day":"17","hour":"20","minutes":"30","seconds":"00"},"utc_start_date":"2024-10-17 16:00:00","utc_start_date_details":{"year":"2024","month":"10","day":"17","hour":"16","minutes":"00","seconds":"00"},"utc_end_date":"2024-10-17 18:30:00","utc_end_date_details":{"year":"2024","month":"10","day":"17","hour":"18","minutes":"30","seconds":"00"},"timezone":"Europe\/Madrid","timezone_abbr":"CEST","cost":"","cost_details":{"currency_symbol":"$","currency_code":"USD","currency_position":"prefix","values":[]},"website":"https:\/\/www.unirioja.es\/actividades\/el-coste-ambiental-de-lo-que-comemos-dia-mundial-de-la-alimentacion\/","show_map":true,"show_map_link":true,"hide_from_listings":false,"sticky":false,"featured":false,"categories":[{"name":"Debate","slug":"debate","term_group":0,"term_taxonomy_id":54,"taxonomy":"tribe_events_cat","description":"","parent":0,"count":10,"filter":"raw","id":54,"urls":{"self":"https:\/\/culturaalimentaria.org\/2024\/wp-json\/tribe\/events\/v1\/categories\/54","collection":"https:\/\/culturaalimentaria.org\/2024\/wp-json\/tribe\/events\/v1\/categories"}},{"name":"Proyecci\u00f3n","slug":"proyeccion","term_group":0,"term_taxonomy_id":46,"taxonomy":"tribe_events_cat","description":"","parent":0,"count":12,"filter":"raw","id":46,"urls":{"self":"https:\/\/culturaalimentaria.org\/2024\/wp-json\/tribe\/events\/v1\/categories\/46","collection":"https:\/\/culturaalimentaria.org\/2024\/wp-json\/tribe\/events\/v1\/categories"}}],"tags":[{"name":"debate","slug":"debate","term_group":0,"term_taxonomy_id":11,"taxonomy":"post_tag","description":"","parent":0,"count":10,"filter":"raw","id":11,"urls":{"self":"https:\/\/culturaalimentaria.org\/2024\/wp-json\/tribe\/events\/v1\/tags\/11","collection":"https:\/\/culturaalimentaria.org\/2024\/wp-json\/tribe\/events\/v1\/tags"}},{"name":"proyecci\u00f3n","slug":"proyeccion","term_group":0,"term_taxonomy_id":47,"taxonomy":"post_tag","description":"","parent":0,"count":14,"filter":"raw","id":47,"urls":{"self":"https:\/\/culturaalimentaria.org\/2024\/wp-json\/tribe\/events\/v1\/tags\/47","collection":"https:\/\/culturaalimentaria.org\/2024\/wp-json\/tribe\/events\/v1\/tags"}},{"name":"Universidad de La Rioja","slug":"universidad-de-la-rioja","term_group":0,"term_taxonomy_id":34,"taxonomy":"post_tag","description":"","parent":0,"count":11,"filter":"raw","id":34,"urls":{"self":"https:\/\/culturaalimentaria.org\/2024\/wp-json\/tribe\/events\/v1\/tags\/34","collection":"https:\/\/culturaalimentaria.org\/2024\/wp-json\/tribe\/events\/v1\/tags"}}],"venue":{"id":1375,"author":"1","status":"publish","date":"2024-10-08 19:44:55","date_utc":"2024-10-08 17:44:55","modified":"2024-10-08 19:44:55","modified_utc":"2024-10-08 17:44:55","url":"https:\/\/culturaalimentaria.org\/2024\/local\/complejo-cientifico-tecnologico\/","venue":"Complejo Cientifico Tecnol\u00f3gico","slug":"complejo-cientifico-tecnologico","address":"C. Madre de Dios","city":"Logro\u00f1o","province":"La Rioja","zip":"26004","stateprovince":"La Rioja","json_ld":{"@type":"Place","name":"Complejo Cientifico Tecnol\u00f3gico","description":"","url":"","address":{"@type":"PostalAddress","streetAddress":"C. Madre de Dios","addressLocality":"Logro\u00f1o","addressRegion":"La Rioja","postalCode":"26004"},"telephone":"","sameAs":""},"show_map":false,"show_map_link":false,"global_id":"culturaalimentaria.org\/2024?id=1375","global_id_lineage":["culturaalimentaria.org\/2024?id=1375"]},"organizer":[{"id":685,"author":"1","status":"publish","date":"2024-08-26 16:20:38","date_utc":"2024-08-26 14:20:38","modified":"2024-08-30 19:22:29","modified_utc":"2024-08-30 17:22:29","url":"https:\/\/culturaalimentaria.org\/2024\/organizador\/cultura-alimentaria\/","organizer":"Asociaci\u00f3n Alimentum","slug":"cultura-alimentaria","phone":"609558079","website":"https:\/\/culturaalimentaria.org\/2024\/","email":"participa@culturaalimentaria.org","json_ld":{"@type":"Person","name":"Asociaci\u00f3n Alimentum","description":"","url":"https:\/\/culturaalimentaria.org\/2024\/","telephone":"609558079","email":"&#112;a&#114;&#116;i&#99;i&#112;&#97;&#64;cultur&#97;a&#108;i&#109;ent&#97;ria.o&#114;&#103;","sameAs":"https:\/\/culturaalimentaria.org\/2024\/"},"global_id":"culturaalimentaria.org\/2024?id=685","global_id_lineage":["culturaalimentaria.org\/2024?id=685"]}],"custom_fields":[],"json_ld":{"@context":"http:\/\/schema.org","@type":"Event","name":"Proyecci\u00f3n y debate en Universidad de La Rioja","description":"&lt;p&gt;Proyecci\u00f3n y posterior Debate: &quot;El precio del progreso&quot; de V. Luengo en la Sala de grados del Complejo Cient\u00edfico-Tecnol\u00f3gico de la Universidad de La Rioja.&lt;\/p&gt;\\n","image":"https:\/\/culturaalimentaria.org\/2024\/wp-content\/uploads\/2024\/10\/UNLR.webp","url":"https:\/\/culturaalimentaria.org\/2024\/actividad\/proyeccion-en-universidad-de-la-rioja-17oct\/","eventAttendanceMode":"https:\/\/schema.org\/OfflineEventAttendanceMode","eventStatus":"https:\/\/schema.org\/EventScheduled","startDate":"2024-10-17T18:00:00+02:00","endDate":"2024-10-17T20:30:00+02:00","location":{"@type":"Place","name":"Complejo Cientifico Tecnol\u00f3gico","description":"","url":"","address":{"@type":"PostalAddress","streetAddress":"C. Madre de Dios","addressLocality":"Logro\u00f1o","addressRegion":"La Rioja","postalCode":"26004"},"telephone":"","sameAs":""},"organizer":{"@type":"Person","name":"Asociaci\u00f3n Alimentum","description":"","url":"https:\/\/culturaalimentaria.org\/2024\/","telephone":"609558079","email":"p&#97;&#114;&#116;ici&#112;&#97;&#64;&#99;&#117;lt&#117;&#114;a&#97;lime&#110;&#116;&#97;&#114;i&#97;&#46;or&#103;","sameAs":"https:\/\/culturaalimentaria.org\/2024\/"},"performer":"Organization"}}