{"id":1713,"global_id":"culturaalimentaria.org\/2024?id=1713","global_id_lineage":["culturaalimentaria.org\/2024?id=1713"],"author":"1","status":"publish","date":"2024-11-06 12:14:18","date_utc":"2024-11-06 11:14:18","modified":"2024-11-25 10:59:21","modified_utc":"2024-11-25 09:59:21","url":"https:\/\/culturaalimentaria.org\/2024\/actividad\/charla-ies-valle-del-cidacos\/","rest_url":"https:\/\/culturaalimentaria.org\/2024\/wp-json\/tribe\/events\/v1\/events\/1713","title":"Charla en IES VALLE DEL CIDACOS","description":"<p><span style=\"color: #7fae38;\"><strong>CHARLA:<\/strong>\u00a0<strong>\u00abEl coste ambiental de lo que comemos.<\/strong><\/span><br \/>\n<span style=\"color: #7fae38;\"><strong>C\u00f3mo la producci\u00f3n de alimentos y nuestros h\u00e1bitos de consumo afectan al medioambiente.\u00bb<\/strong><\/span><\/p>\n<p>Campa\u00f1a de concienciaci\u00f3n y sensibilizaci\u00f3n en educaci\u00f3n ambiental<\/p>\n<p>Ponente: Alfonso Lacuesta<br \/>\n<em>Ingeniero T\u00e9cnico Agr\u00edcola &#8211; Agente de Desarrollo Rural e Innovaci\u00f3n<\/em><\/p>\n<p>Colabora: IES VALLE DEL CIDACOS<\/p>","excerpt":"<p>CAMPA\u00d1A DE EDUCACI\u00d3N AMBIENTAL<br \/>\nCharla: El coste ambiental de nuestra alimentaci\u00f3n.<br \/>\nC\u00f3mo la producci\u00f3n de alimentos y nuestros h\u00e1bitos de consumo afectan al medioambiente.<\/p>","slug":"charla-ies-valle-del-cidacos","image":{"url":"https:\/\/culturaalimentaria.org\/2024\/wp-content\/uploads\/2024\/11\/IES-VALLE-DEL-CIDACOS.webp","id":1714,"extension":"webp","width":283,"height":283,"filesize":10158,"sizes":{"thumbnail":{"width":150,"height":150,"mime-type":"image\/webp","filesize":2372,"url":"https:\/\/culturaalimentaria.org\/2024\/wp-content\/uploads\/2024\/11\/IES-VALLE-DEL-CIDACOS-150x150.webp"},"himalayas-featured-image":{"width":283,"height":142,"mime-type":"image\/webp","filesize":5672,"url":"https:\/\/culturaalimentaria.org\/2024\/wp-content\/uploads\/2024\/11\/IES-VALLE-DEL-CIDACOS-283x142.webp"},"himalayas-services":{"width":283,"height":280,"mime-type":"image\/webp","filesize":5774,"url":"https:\/\/culturaalimentaria.org\/2024\/wp-content\/uploads\/2024\/11\/IES-VALLE-DEL-CIDACOS-283x280.webp"},"cmplz_banner_image":{"width":283,"height":100,"mime-type":"image\/webp","filesize":5588,"url":"https:\/\/culturaalimentaria.org\/2024\/wp-content\/uploads\/2024\/11\/IES-VALLE-DEL-CIDACOS-283x100.webp"}}},"all_day":false,"start_date":"2024-12-16 09:25:00","start_date_details":{"year":"2024","month":"12","day":"16","hour":"09","minutes":"25","seconds":"00"},"end_date":"2024-12-16 10:30:00","end_date_details":{"year":"2024","month":"12","day":"16","hour":"10","minutes":"30","seconds":"00"},"utc_start_date":"2024-12-16 08:25:00","utc_start_date_details":{"year":"2024","month":"12","day":"16","hour":"08","minutes":"25","seconds":"00"},"utc_end_date":"2024-12-16 09:30:00","utc_end_date_details":{"year":"2024","month":"12","day":"16","hour":"09","minutes":"30","seconds":"00"},"timezone":"Europe\/Madrid","timezone_abbr":"CET","cost":"Free","cost_details":{"currency_symbol":"$","currency_code":"USD","currency_position":"prefix","values":["0"]},"website":"https:\/\/iesvallecidacos.larioja.edu.es\/","show_map":true,"show_map_link":true,"hide_from_listings":false,"sticky":false,"featured":false,"categories":[{"name":"Charla","slug":"charla","term_group":0,"term_taxonomy_id":51,"taxonomy":"tribe_events_cat","description":"","parent":0,"count":20,"filter":"raw","id":51,"urls":{"self":"https:\/\/culturaalimentaria.org\/2024\/wp-json\/tribe\/events\/v1\/categories\/51","collection":"https:\/\/culturaalimentaria.org\/2024\/wp-json\/tribe\/events\/v1\/categories"}}],"tags":[{"name":"Calahorra","slug":"calahorra","term_group":0,"term_taxonomy_id":18,"taxonomy":"post_tag","description":"","parent":0,"count":4,"filter":"raw","id":18,"urls":{"self":"https:\/\/culturaalimentaria.org\/2024\/wp-json\/tribe\/events\/v1\/tags\/18","collection":"https:\/\/culturaalimentaria.org\/2024\/wp-json\/tribe\/events\/v1\/tags"}},{"name":"charla","slug":"charla","term_group":0,"term_taxonomy_id":9,"taxonomy":"post_tag","description":"","parent":0,"count":73,"filter":"raw","id":9,"urls":{"self":"https:\/\/culturaalimentaria.org\/2024\/wp-json\/tribe\/events\/v1\/tags\/9","collection":"https:\/\/culturaalimentaria.org\/2024\/wp-json\/tribe\/events\/v1\/tags"}},{"name":"IES VALLE DEL CIDACOS","slug":"ies-valle-del-cidacos","term_group":0,"term_taxonomy_id":84,"taxonomy":"post_tag","description":"","parent":0,"count":2,"filter":"raw","id":84,"urls":{"self":"https:\/\/culturaalimentaria.org\/2024\/wp-json\/tribe\/events\/v1\/tags\/84","collection":"https:\/\/culturaalimentaria.org\/2024\/wp-json\/tribe\/events\/v1\/tags"}}],"venue":{"id":1715,"author":"1","status":"publish","date":"2024-11-06 12:14:18","date_utc":"2024-11-06 11:14:18","modified":"2024-11-06 12:14:18","modified_utc":"2024-11-06 11:14:18","url":"https:\/\/culturaalimentaria.org\/2024\/local\/ies-valle-del-cidacos-2o-eso-sala-de-musica\/","venue":"IES VALLE DEL CIDACOS. 2\u00ba ESO, SALA DE MUSICA.","slug":"ies-valle-del-cidacos-2o-eso-sala-de-musica","address":"C. Basconia, S\/N","city":"Calahorra","country":"Spain","province":"La Rioja","zip":"26500","stateprovince":"La Rioja","json_ld":{"@type":"Place","name":"IES VALLE DEL CIDACOS. 2\u00ba ESO, SALA DE MUSICA.","description":"","url":"","address":{"@type":"PostalAddress","streetAddress":"C. Basconia, S\/N","addressLocality":"Calahorra","addressRegion":"La Rioja","postalCode":"26500","addressCountry":"Spain"},"telephone":"","sameAs":""},"show_map":false,"show_map_link":false,"global_id":"culturaalimentaria.org\/2024?id=1715","global_id_lineage":["culturaalimentaria.org\/2024?id=1715"]},"organizer":[{"id":949,"author":"1","status":"publish","date":"2024-08-30 19:22:58","date_utc":"2024-08-30 17:22:58","modified":"2024-08-30 19:22:58","modified_utc":"2024-08-30 17:22:58","url":"https:\/\/culturaalimentaria.org\/2024\/organizador\/asociacion-alimentum\/","organizer":"Asociaci\u00f3n Alimentum","slug":"asociacion-alimentum","json_ld":{"@type":"Person","name":"Asociaci\u00f3n Alimentum","description":"","url":"","telephone":"","email":"","sameAs":""},"global_id":"culturaalimentaria.org\/2024?id=949","global_id_lineage":["culturaalimentaria.org\/2024?id=949"]}],"custom_fields":[],"json_ld":{"@context":"http:\/\/schema.org","@type":"Event","name":"Charla en IES VALLE DEL CIDACOS","description":"&lt;p&gt;CAMPA\u00d1A DE EDUCACI\u00d3N AMBIENTAL&lt;br \/&gt;\\nCharla: El coste ambiental de nuestra alimentaci\u00f3n.&lt;br \/&gt;\\nC\u00f3mo la producci\u00f3n de alimentos y nuestros h\u00e1bitos de consumo afectan al medioambiente.&lt;\/p&gt;\\n","image":"https:\/\/culturaalimentaria.org\/2024\/wp-content\/uploads\/2024\/11\/IES-VALLE-DEL-CIDACOS.webp","url":"https:\/\/culturaalimentaria.org\/2024\/actividad\/charla-ies-valle-del-cidacos\/","eventAttendanceMode":"https:\/\/schema.org\/OfflineEventAttendanceMode","eventStatus":"https:\/\/schema.org\/EventScheduled","startDate":"2024-12-16T09:25:00+01:00","endDate":"2024-12-16T10:30:00+01:00","location":{"@type":"Place","name":"IES VALLE DEL CIDACOS. 2\u00ba ESO, SALA DE MUSICA.","description":"","url":"","address":{"@type":"PostalAddress","streetAddress":"C. Basconia, S\/N","addressLocality":"Calahorra","addressRegion":"La Rioja","postalCode":"26500","addressCountry":"Spain"},"telephone":"","sameAs":""},"organizer":{"@type":"Person","name":"Asociaci\u00f3n Alimentum","description":"","url":"","telephone":"","email":"","sameAs":""},"offers":{"@type":"Offer","price":"Free","priceCurrency":"USD","url":"https:\/\/culturaalimentaria.org\/2024\/actividad\/charla-ies-valle-del-cidacos\/","category":"primary","availability":"inStock","validFrom":"1970-01-01T00:00:00+00:00"},"performer":"Organization"}}