{"id":1095,"date":"2024-09-23T20:54:53","date_gmt":"2024-09-23T18:54:53","guid":{"rendered":"https:\/\/culturaalimentaria.org\/2024\/?p=1095"},"modified":"2024-09-24T07:04:03","modified_gmt":"2024-09-24T05:04:03","slug":"charla-en-agoncillo","status":"publish","type":"post","link":"https:\/\/culturaalimentaria.org\/2024\/charla-en-agoncillo\/","title":{"rendered":"Charla en Agoncillo"},"content":{"rendered":"\n<p class=\"has-medium-font-size\">El pasado jueves 19 de septiembre a las 19 horas en la Sala de Aguas Mansas de Agoncillo se realiz\u00f3 la charla sobre \u00abEl coste ambiental de lo que comemos. C\u00f3mo la producci\u00f3n de alimentos y nuestros h\u00e1bitos de consumo afectan al medioambiente.\u00bb<\/p>\n\n\n\n<p class=\"has-medium-font-size\">Agradecemos a los asistentes a la charla el inter\u00e9s mostrado y al Ayuntamiento de Agoncillo por participar en la difusi\u00f3n de esta campa\u00f1a.<\/p>\n\n\n<div class=\"wp-block-image\">\n<figure class=\"aligncenter size-full\"><img loading=\"lazy\" decoding=\"async\" width=\"850\" height=\"403\" src=\"https:\/\/culturaalimentaria.org\/2024\/wp-content\/uploads\/2024\/09\/Charla-Agoncillo.webp\" alt=\"Charla Agoncillo\n\" class=\"wp-image-1097\" srcset=\"https:\/\/culturaalimentaria.org\/2024\/wp-content\/uploads\/2024\/09\/Charla-Agoncillo.webp 850w, https:\/\/culturaalimentaria.org\/2024\/wp-content\/uploads\/2024\/09\/Charla-Agoncillo-300x142.webp 300w, https:\/\/culturaalimentaria.org\/2024\/wp-content\/uploads\/2024\/09\/Charla-Agoncillo-768x364.webp 768w\" sizes=\"auto, (max-width: 850px) 100vw, 850px\" \/><\/figure>\n<\/div>\n\n<div class=\"wp-block-image\">\n<figure class=\"aligncenter size-full\"><img loading=\"lazy\" decoding=\"async\" width=\"709\" height=\"477\" src=\"https:\/\/culturaalimentaria.org\/2024\/wp-content\/uploads\/2024\/09\/Cartel-Agoncillo.webp\" alt=\"Cartel charla Agoncillo\" class=\"wp-image-1096\" srcset=\"https:\/\/culturaalimentaria.org\/2024\/wp-content\/uploads\/2024\/09\/Cartel-Agoncillo.webp 709w, https:\/\/culturaalimentaria.org\/2024\/wp-content\/uploads\/2024\/09\/Cartel-Agoncillo-300x202.webp 300w\" sizes=\"auto, (max-width: 709px) 100vw, 709px\" \/><\/figure>\n<\/div>","protected":false},"excerpt":{"rendered":"<p>El pasado jueves 19 de septiembre a las 19 horas en la Sala de Aguas Mansas de Agoncillo se realiz\u00f3 la charla sobre \u00abEl coste<\/p>\n","protected":false},"author":1,"featured_media":1098,"comment_status":"open","ping_status":"open","sticky":false,"template":"","format":"standard","meta":{"footnotes":""},"categories":[36],"tags":[13,9],"class_list":["post-1095","post","type-post","status-publish","format-standard","has-post-thumbnail","hentry","category-charla","tag-agoncillo","tag-charla"],"_links":{"self":[{"href":"https:\/\/culturaalimentaria.org\/2024\/wp-json\/wp\/v2\/posts\/1095","targetHints":{"allow":["GET"]}}],"collection":[{"href":"https:\/\/culturaalimentaria.org\/2024\/wp-json\/wp\/v2\/posts"}],"about":[{"href":"https:\/\/culturaalimentaria.org\/2024\/wp-json\/wp\/v2\/types\/post"}],"author":[{"embeddable":true,"href":"https:\/\/culturaalimentaria.org\/2024\/wp-json\/wp\/v2\/users\/1"}],"replies":[{"embeddable":true,"href":"https:\/\/culturaalimentaria.org\/2024\/wp-json\/wp\/v2\/comments?post=1095"}],"version-history":[{"count":2,"href":"https:\/\/culturaalimentaria.org\/2024\/wp-json\/wp\/v2\/posts\/1095\/revisions"}],"predecessor-version":[{"id":1103,"href":"https:\/\/culturaalimentaria.org\/2024\/wp-json\/wp\/v2\/posts\/1095\/revisions\/1103"}],"wp:featuredmedia":[{"embeddable":true,"href":"https:\/\/culturaalimentaria.org\/2024\/wp-json\/wp\/v2\/media\/1098"}],"wp:attachment":[{"href":"https:\/\/culturaalimentaria.org\/2024\/wp-json\/wp\/v2\/media?parent=1095"}],"wp:term":[{"taxonomy":"category","embeddable":true,"href":"https:\/\/culturaalimentaria.org\/2024\/wp-json\/wp\/v2\/categories?post=1095"},{"taxonomy":"post_tag","embeddable":true,"href":"https:\/\/culturaalimentaria.org\/2024\/wp-json\/wp\/v2\/tags?post=1095"}],"curies":[{"name":"wp","href":"https:\/\/api.w.org\/{rel}","templated":true}]}}