{"id":1106,"date":"2024-09-25T19:01:32","date_gmt":"2024-09-25T17:01:32","guid":{"rendered":"https:\/\/culturaalimentaria.org\/2024\/?p=1106"},"modified":"2024-09-25T19:26:36","modified_gmt":"2024-09-25T17:26:36","slug":"charla-en-la-salle-la-estrella","status":"publish","type":"post","link":"https:\/\/culturaalimentaria.org\/2024\/charla-en-la-salle-la-estrella\/","title":{"rendered":"Charla en La Salle La Estrella"},"content":{"rendered":"\n<p class=\"has-medium-font-size\">El martes 24 de septiembre se realizaron dos charlas sobre  \u00abEl coste ambiental de lo que comemos. C\u00f3mo la producci\u00f3n de alimentos y nuestros h\u00e1bitos de consumo afectan al medioambiente.\u00bb <\/p>\n\n\n\n<p class=\"has-medium-font-size\">La primera charla tuvo lugar a las 9.30 horas en el Aula Grado B\u00e1sico del C.P.E.S La Salle La Estrella de San Asensio. Y, la siguiente, a las 12 horas en el Aula Grado Medio del mismo centro.<\/p>\n\n\n\n<p class=\"has-medium-font-size\">Agradecemos al C.P.E.S La Salle La Estrella de San Asensio por participar en la difusi\u00f3n de esta campa\u00f1a.<\/p>\n\n\n\n<p><\/p>\n\n\n<div class=\"wp-block-image\">\n<figure class=\"aligncenter size-full\"><img loading=\"lazy\" decoding=\"async\" width=\"709\" height=\"442\" src=\"https:\/\/culturaalimentaria.org\/2024\/wp-content\/uploads\/2024\/09\/La-Salle-La-Estrella-San-Asensio-CHARLA.webp\" alt=\"\" class=\"wp-image-1110\" srcset=\"https:\/\/culturaalimentaria.org\/2024\/wp-content\/uploads\/2024\/09\/La-Salle-La-Estrella-San-Asensio-CHARLA.webp 709w, https:\/\/culturaalimentaria.org\/2024\/wp-content\/uploads\/2024\/09\/La-Salle-La-Estrella-San-Asensio-CHARLA-300x187.webp 300w\" sizes=\"auto, (max-width: 709px) 100vw, 709px\" \/><\/figure>\n<\/div>\n\n<div class=\"wp-block-image\">\n<figure class=\"aligncenter size-full\"><img loading=\"lazy\" decoding=\"async\" width=\"709\" height=\"420\" src=\"https:\/\/culturaalimentaria.org\/2024\/wp-content\/uploads\/2024\/09\/Cartel-La-Salle-La-Estrella-San-Asensio.webp\" alt=\"\" class=\"wp-image-1107\" srcset=\"https:\/\/culturaalimentaria.org\/2024\/wp-content\/uploads\/2024\/09\/Cartel-La-Salle-La-Estrella-San-Asensio.webp 709w, https:\/\/culturaalimentaria.org\/2024\/wp-content\/uploads\/2024\/09\/Cartel-La-Salle-La-Estrella-San-Asensio-300x178.webp 300w\" sizes=\"auto, (max-width: 709px) 100vw, 709px\" \/><\/figure>\n<\/div>","protected":false},"excerpt":{"rendered":"<p>El martes 24 de septiembre se realizaron dos charlas sobre \u00abEl coste ambiental de lo que comemos. C\u00f3mo la producci\u00f3n de alimentos y nuestros h\u00e1bitos<\/p>\n","protected":false},"author":1,"featured_media":1109,"comment_status":"open","ping_status":"open","sticky":false,"template":"","format":"standard","meta":{"footnotes":""},"categories":[36],"tags":[9,40,28],"class_list":["post-1106","post","type-post","status-publish","format-standard","has-post-thumbnail","hentry","category-charla","tag-charla","tag-la-salle-la-estrella","tag-san-asensio"],"_links":{"self":[{"href":"https:\/\/culturaalimentaria.org\/2024\/wp-json\/wp\/v2\/posts\/1106","targetHints":{"allow":["GET"]}}],"collection":[{"href":"https:\/\/culturaalimentaria.org\/2024\/wp-json\/wp\/v2\/posts"}],"about":[{"href":"https:\/\/culturaalimentaria.org\/2024\/wp-json\/wp\/v2\/types\/post"}],"author":[{"embeddable":true,"href":"https:\/\/culturaalimentaria.org\/2024\/wp-json\/wp\/v2\/users\/1"}],"replies":[{"embeddable":true,"href":"https:\/\/culturaalimentaria.org\/2024\/wp-json\/wp\/v2\/comments?post=1106"}],"version-history":[{"count":3,"href":"https:\/\/culturaalimentaria.org\/2024\/wp-json\/wp\/v2\/posts\/1106\/revisions"}],"predecessor-version":[{"id":1114,"href":"https:\/\/culturaalimentaria.org\/2024\/wp-json\/wp\/v2\/posts\/1106\/revisions\/1114"}],"wp:featuredmedia":[{"embeddable":true,"href":"https:\/\/culturaalimentaria.org\/2024\/wp-json\/wp\/v2\/media\/1109"}],"wp:attachment":[{"href":"https:\/\/culturaalimentaria.org\/2024\/wp-json\/wp\/v2\/media?parent=1106"}],"wp:term":[{"taxonomy":"category","embeddable":true,"href":"https:\/\/culturaalimentaria.org\/2024\/wp-json\/wp\/v2\/categories?post=1106"},{"taxonomy":"post_tag","embeddable":true,"href":"https:\/\/culturaalimentaria.org\/2024\/wp-json\/wp\/v2\/tags?post=1106"}],"curies":[{"name":"wp","href":"https:\/\/api.w.org\/{rel}","templated":true}]}}