{"id":1138,"date":"2024-09-27T12:36:59","date_gmt":"2024-09-27T10:36:59","guid":{"rendered":"https:\/\/culturaalimentaria.org\/2024\/?p=1138"},"modified":"2024-09-27T12:37:00","modified_gmt":"2024-09-27T10:37:00","slug":"charla-en-calahorra","status":"publish","type":"post","link":"https:\/\/culturaalimentaria.org\/2024\/charla-en-calahorra\/","title":{"rendered":"Charla en Calahorra"},"content":{"rendered":"\n<p class=\"has-medium-font-size\">El jueves 26 de septiembre en el Centro C\u00edvico Juvenil de Calahorra tuvo lugar la charla sobre \u00abEl coste ambiental de lo que comemos. C\u00f3mo la producci\u00f3n de alimentos y nuestros h\u00e1bitos de consumo afectan al medioambiente.\u00bb<\/p>\n\n\n\n<p class=\"has-medium-font-size\">Agradecemos al Ayuntamiento de Calahorra que, a trav\u00e9s de carteles y redes sociales, particip\u00f3 en la difusi\u00f3n de esta campa\u00f1a.<\/p>\n\n\n\n<p><\/p>\n\n\n<div class=\"wp-block-image\">\n<figure class=\"aligncenter size-full\"><img loading=\"lazy\" decoding=\"async\" width=\"709\" height=\"395\" src=\"https:\/\/culturaalimentaria.org\/2024\/wp-content\/uploads\/2024\/09\/Carteles-Calahorra-1.webp\" alt=\"\" class=\"wp-image-1139\" srcset=\"https:\/\/culturaalimentaria.org\/2024\/wp-content\/uploads\/2024\/09\/Carteles-Calahorra-1.webp 709w, https:\/\/culturaalimentaria.org\/2024\/wp-content\/uploads\/2024\/09\/Carteles-Calahorra-1-300x167.webp 300w\" sizes=\"auto, (max-width: 709px) 100vw, 709px\" \/><\/figure>\n<\/div>\n\n\n<p><\/p>\n\n\n<div class=\"wp-block-image\">\n<figure class=\"aligncenter size-full\"><img loading=\"lazy\" decoding=\"async\" width=\"709\" height=\"494\" src=\"https:\/\/culturaalimentaria.org\/2024\/wp-content\/uploads\/2024\/09\/Charla-Calahorra.webp\" alt=\"\" class=\"wp-image-1141\" srcset=\"https:\/\/culturaalimentaria.org\/2024\/wp-content\/uploads\/2024\/09\/Charla-Calahorra.webp 709w, https:\/\/culturaalimentaria.org\/2024\/wp-content\/uploads\/2024\/09\/Charla-Calahorra-300x209.webp 300w\" sizes=\"auto, (max-width: 709px) 100vw, 709px\" \/><\/figure>\n<\/div>\n\n\n<p><\/p>\n","protected":false},"excerpt":{"rendered":"<p>El jueves 26 de septiembre en el Centro C\u00edvico Juvenil de Calahorra tuvo lugar la charla sobre \u00abEl coste ambiental de lo que comemos. C\u00f3mo<\/p>\n","protected":false},"author":1,"featured_media":1140,"comment_status":"open","ping_status":"open","sticky":false,"template":"","format":"standard","meta":{"footnotes":""},"categories":[36],"tags":[18,9],"class_list":["post-1138","post","type-post","status-publish","format-standard","has-post-thumbnail","hentry","category-charla","tag-calahorra","tag-charla"],"_links":{"self":[{"href":"https:\/\/culturaalimentaria.org\/2024\/wp-json\/wp\/v2\/posts\/1138","targetHints":{"allow":["GET"]}}],"collection":[{"href":"https:\/\/culturaalimentaria.org\/2024\/wp-json\/wp\/v2\/posts"}],"about":[{"href":"https:\/\/culturaalimentaria.org\/2024\/wp-json\/wp\/v2\/types\/post"}],"author":[{"embeddable":true,"href":"https:\/\/culturaalimentaria.org\/2024\/wp-json\/wp\/v2\/users\/1"}],"replies":[{"embeddable":true,"href":"https:\/\/culturaalimentaria.org\/2024\/wp-json\/wp\/v2\/comments?post=1138"}],"version-history":[{"count":1,"href":"https:\/\/culturaalimentaria.org\/2024\/wp-json\/wp\/v2\/posts\/1138\/revisions"}],"predecessor-version":[{"id":1142,"href":"https:\/\/culturaalimentaria.org\/2024\/wp-json\/wp\/v2\/posts\/1138\/revisions\/1142"}],"wp:featuredmedia":[{"embeddable":true,"href":"https:\/\/culturaalimentaria.org\/2024\/wp-json\/wp\/v2\/media\/1140"}],"wp:attachment":[{"href":"https:\/\/culturaalimentaria.org\/2024\/wp-json\/wp\/v2\/media?parent=1138"}],"wp:term":[{"taxonomy":"category","embeddable":true,"href":"https:\/\/culturaalimentaria.org\/2024\/wp-json\/wp\/v2\/categories?post=1138"},{"taxonomy":"post_tag","embeddable":true,"href":"https:\/\/culturaalimentaria.org\/2024\/wp-json\/wp\/v2\/tags?post=1138"}],"curies":[{"name":"wp","href":"https:\/\/api.w.org\/{rel}","templated":true}]}}