{"id":1309,"date":"2024-10-02T19:47:39","date_gmt":"2024-10-02T17:47:39","guid":{"rendered":"https:\/\/culturaalimentaria.org\/2024\/?p=1309"},"modified":"2024-10-02T19:47:39","modified_gmt":"2024-10-02T17:47:39","slug":"charla-en-ies-la-laboral","status":"publish","type":"post","link":"https:\/\/culturaalimentaria.org\/2024\/charla-en-ies-la-laboral\/","title":{"rendered":"Charla en IES La Laboral"},"content":{"rendered":"\n<p class=\"has-medium-font-size\">El mi\u00e9rcoles 2 de octubre en el Aula Magna del Instituto I.E.S. La Laboral de Lardero tuvo lugar la charla sobre \u00abEl coste ambiental de lo que comemos. C\u00f3mo la producci\u00f3n de alimentos y nuestros h\u00e1bitos de consumo afectan al medioambiente.\u00bb para los alumnos de 2do. ESO.<\/p>\n\n\n\n<p class=\"has-medium-font-size\">Agradecemos a  I.E.S. La Laboral de Lardero que, a trav\u00e9s de carteles y redes sociales, particip\u00f3 en la difusi\u00f3n de esta campa\u00f1a.<\/p>\n\n\n\n<p><\/p>\n\n\n<div class=\"wp-block-image\">\n<figure class=\"aligncenter size-full\"><img loading=\"lazy\" decoding=\"async\" width=\"624\" height=\"278\" src=\"https:\/\/culturaalimentaria.org\/2024\/wp-content\/uploads\/2024\/10\/IES-LABORAL-charla.webp\" alt=\"\" class=\"wp-image-1312\" srcset=\"https:\/\/culturaalimentaria.org\/2024\/wp-content\/uploads\/2024\/10\/IES-LABORAL-charla.webp 624w, https:\/\/culturaalimentaria.org\/2024\/wp-content\/uploads\/2024\/10\/IES-LABORAL-charla-300x134.webp 300w, https:\/\/culturaalimentaria.org\/2024\/wp-content\/uploads\/2024\/10\/IES-LABORAL-charla-319x142.webp 319w\" sizes=\"auto, (max-width: 624px) 100vw, 624px\" \/><\/figure>\n<\/div>\n\n<div class=\"wp-block-image\">\n<figure class=\"aligncenter size-full\"><img loading=\"lazy\" decoding=\"async\" width=\"567\" height=\"350\" src=\"https:\/\/culturaalimentaria.org\/2024\/wp-content\/uploads\/2024\/10\/cartel.webp\" alt=\"\" class=\"wp-image-1310\" srcset=\"https:\/\/culturaalimentaria.org\/2024\/wp-content\/uploads\/2024\/10\/cartel.webp 567w, https:\/\/culturaalimentaria.org\/2024\/wp-content\/uploads\/2024\/10\/cartel-300x185.webp 300w\" sizes=\"auto, (max-width: 567px) 100vw, 567px\" \/><\/figure>\n<\/div>","protected":false},"excerpt":{"rendered":"<p>El mi\u00e9rcoles 2 de octubre en el Aula Magna del Instituto I.E.S. La Laboral de Lardero tuvo lugar la charla sobre \u00abEl coste ambiental de<\/p>\n","protected":false},"author":1,"featured_media":1311,"comment_status":"open","ping_status":"open","sticky":false,"template":"","format":"standard","meta":{"footnotes":""},"categories":[36],"tags":[9,49,50],"class_list":["post-1309","post","type-post","status-publish","format-standard","has-post-thumbnail","hentry","category-charla","tag-charla","tag-ies-la-laboral","tag-lardero"],"_links":{"self":[{"href":"https:\/\/culturaalimentaria.org\/2024\/wp-json\/wp\/v2\/posts\/1309","targetHints":{"allow":["GET"]}}],"collection":[{"href":"https:\/\/culturaalimentaria.org\/2024\/wp-json\/wp\/v2\/posts"}],"about":[{"href":"https:\/\/culturaalimentaria.org\/2024\/wp-json\/wp\/v2\/types\/post"}],"author":[{"embeddable":true,"href":"https:\/\/culturaalimentaria.org\/2024\/wp-json\/wp\/v2\/users\/1"}],"replies":[{"embeddable":true,"href":"https:\/\/culturaalimentaria.org\/2024\/wp-json\/wp\/v2\/comments?post=1309"}],"version-history":[{"count":1,"href":"https:\/\/culturaalimentaria.org\/2024\/wp-json\/wp\/v2\/posts\/1309\/revisions"}],"predecessor-version":[{"id":1313,"href":"https:\/\/culturaalimentaria.org\/2024\/wp-json\/wp\/v2\/posts\/1309\/revisions\/1313"}],"wp:featuredmedia":[{"embeddable":true,"href":"https:\/\/culturaalimentaria.org\/2024\/wp-json\/wp\/v2\/media\/1311"}],"wp:attachment":[{"href":"https:\/\/culturaalimentaria.org\/2024\/wp-json\/wp\/v2\/media?parent=1309"}],"wp:term":[{"taxonomy":"category","embeddable":true,"href":"https:\/\/culturaalimentaria.org\/2024\/wp-json\/wp\/v2\/categories?post=1309"},{"taxonomy":"post_tag","embeddable":true,"href":"https:\/\/culturaalimentaria.org\/2024\/wp-json\/wp\/v2\/tags?post=1309"}],"curies":[{"name":"wp","href":"https:\/\/api.w.org\/{rel}","templated":true}]}}