{"id":1452,"date":"2024-10-11T16:24:28","date_gmt":"2024-10-11T14:24:28","guid":{"rendered":"https:\/\/culturaalimentaria.org\/2024\/?p=1452"},"modified":"2024-10-11T18:25:04","modified_gmt":"2024-10-11T16:25:04","slug":"charla-en-viguera","status":"publish","type":"post","link":"https:\/\/culturaalimentaria.org\/2024\/charla-en-viguera\/","title":{"rendered":"Charla en Viguera"},"content":{"rendered":"\n<p class=\"has-medium-font-size\">El jueves 10 de octubre estuvimos en el municipio de Viguera con la charla titulada \u00abEl coste ambiental de lo que comemos: c\u00f3mo la producci\u00f3n y nuestros h\u00e1bitos de consumo impactan en el medio ambiente.\u00bb El evento buscaba poner en el centro de la discusi\u00f3n el papel crucial que tiene la alimentaci\u00f3n en la sostenibilidad del planeta y c\u00f3mo nuestras decisiones diarias influyen directamente en el entorno natural.<br>Queremos agradecer a todos los que hicieron posible este encuentro, desde los organizadores hasta quienes colaboraron con la difusi\u00f3n de la actividad. Este tipo de iniciativas son fundamentales para seguir avanzando en la sensibilizaci\u00f3n de la ciudadan\u00eda y fomentar cambios positivos en nuestro estilo de vida.<br>La conversaci\u00f3n sobre la sostenibilidad y la alimentaci\u00f3n no acaba aqu\u00ed. Animamos a todos los interesados a continuar explorando este tema y a poner en pr\u00e1ctica acciones que contribuyan a un planeta m\u00e1s saludable y resiliente. \u00a1Esperamos verlos en pr\u00f3ximas actividades y seguir creando juntos un futuro m\u00e1s sostenible!<\/p>\n\n\n\n<p class=\"has-medium-font-size\"><\/p>\n\n\n\n<figure class=\"wp-block-image size-full\"><img loading=\"lazy\" decoding=\"async\" width=\"709\" height=\"375\" src=\"https:\/\/culturaalimentaria.org\/2024\/wp-content\/uploads\/2024\/10\/Ayto-Viguera.webp\" alt=\"\" class=\"wp-image-1453\" srcset=\"https:\/\/culturaalimentaria.org\/2024\/wp-content\/uploads\/2024\/10\/Ayto-Viguera.webp 709w, https:\/\/culturaalimentaria.org\/2024\/wp-content\/uploads\/2024\/10\/Ayto-Viguera-300x159.webp 300w\" sizes=\"auto, (max-width: 709px) 100vw, 709px\" \/><\/figure>\n\n\n\n<figure class=\"wp-block-image size-full\"><img loading=\"lazy\" decoding=\"async\" width=\"567\" height=\"672\" src=\"https:\/\/culturaalimentaria.org\/2024\/wp-content\/uploads\/2024\/10\/publicacion-alimentacion.webp\" alt=\"\" class=\"wp-image-1454\" srcset=\"https:\/\/culturaalimentaria.org\/2024\/wp-content\/uploads\/2024\/10\/publicacion-alimentacion.webp 567w, https:\/\/culturaalimentaria.org\/2024\/wp-content\/uploads\/2024\/10\/publicacion-alimentacion-253x300.webp 253w\" sizes=\"auto, (max-width: 567px) 100vw, 567px\" \/><\/figure>\n","protected":false},"excerpt":{"rendered":"<p>El jueves 10 de octubre estuvimos en el municipio de Viguera con la charla titulada \u00abEl coste ambiental de lo que comemos: c\u00f3mo la producci\u00f3n<\/p>\n","protected":false},"author":1,"featured_media":1455,"comment_status":"open","ping_status":"open","sticky":false,"template":"","format":"standard","meta":{"footnotes":""},"categories":[36],"tags":[9,37,17],"class_list":["post-1452","post","type-post","status-publish","format-standard","has-post-thumbnail","hentry","category-charla","tag-charla","tag-la-rioja","tag-viguera"],"_links":{"self":[{"href":"https:\/\/culturaalimentaria.org\/2024\/wp-json\/wp\/v2\/posts\/1452","targetHints":{"allow":["GET"]}}],"collection":[{"href":"https:\/\/culturaalimentaria.org\/2024\/wp-json\/wp\/v2\/posts"}],"about":[{"href":"https:\/\/culturaalimentaria.org\/2024\/wp-json\/wp\/v2\/types\/post"}],"author":[{"embeddable":true,"href":"https:\/\/culturaalimentaria.org\/2024\/wp-json\/wp\/v2\/users\/1"}],"replies":[{"embeddable":true,"href":"https:\/\/culturaalimentaria.org\/2024\/wp-json\/wp\/v2\/comments?post=1452"}],"version-history":[{"count":1,"href":"https:\/\/culturaalimentaria.org\/2024\/wp-json\/wp\/v2\/posts\/1452\/revisions"}],"predecessor-version":[{"id":1456,"href":"https:\/\/culturaalimentaria.org\/2024\/wp-json\/wp\/v2\/posts\/1452\/revisions\/1456"}],"wp:featuredmedia":[{"embeddable":true,"href":"https:\/\/culturaalimentaria.org\/2024\/wp-json\/wp\/v2\/media\/1455"}],"wp:attachment":[{"href":"https:\/\/culturaalimentaria.org\/2024\/wp-json\/wp\/v2\/media?parent=1452"}],"wp:term":[{"taxonomy":"category","embeddable":true,"href":"https:\/\/culturaalimentaria.org\/2024\/wp-json\/wp\/v2\/categories?post=1452"},{"taxonomy":"post_tag","embeddable":true,"href":"https:\/\/culturaalimentaria.org\/2024\/wp-json\/wp\/v2\/tags?post=1452"}],"curies":[{"name":"wp","href":"https:\/\/api.w.org\/{rel}","templated":true}]}}