{"id":1462,"date":"2024-10-13T10:22:02","date_gmt":"2024-10-13T08:22:02","guid":{"rendered":"https:\/\/culturaalimentaria.org\/2024\/?p=1462"},"modified":"2024-10-13T10:22:03","modified_gmt":"2024-10-13T08:22:03","slug":"charla-en-ojacastro","status":"publish","type":"post","link":"https:\/\/culturaalimentaria.org\/2024\/charla-en-ojacastro\/","title":{"rendered":"Charla en Ojacastro"},"content":{"rendered":"\n<p class=\"has-medium-font-size\">El viernes 11 de octubre a las 19 horas en el Fielato del Ayuntamiento de Ojacastro, tuvo lugar la charla sobre \u00abEl coste ambiental de lo que comemos. C\u00f3mo la producci\u00f3n de alimentos y nuestros h\u00e1bitos de consumo afectan al medioambiente.\u00bb<\/p>\n\n\n\n<p class=\"has-medium-font-size\">Agradecemos al Ayuntamiento de Ojacastro que, a trav\u00e9s de carteles y redes sociales, particip\u00f3 en la difusi\u00f3n de esta campa\u00f1a y a los asistentes a la charla por el inter\u00e9s mostrado.<\/p>\n\n\n\n<p><\/p>\n\n\n\n<figure class=\"wp-block-image size-full\"><img loading=\"lazy\" decoding=\"async\" width=\"709\" height=\"325\" src=\"https:\/\/culturaalimentaria.org\/2024\/wp-content\/uploads\/2024\/10\/ojacastro-asistentes.webp\" alt=\"\" class=\"wp-image-1464\" srcset=\"https:\/\/culturaalimentaria.org\/2024\/wp-content\/uploads\/2024\/10\/ojacastro-asistentes.webp 709w, https:\/\/culturaalimentaria.org\/2024\/wp-content\/uploads\/2024\/10\/ojacastro-asistentes-300x138.webp 300w\" sizes=\"auto, (max-width: 709px) 100vw, 709px\" \/><\/figure>\n\n\n\n<figure class=\"wp-block-image size-full\"><img loading=\"lazy\" decoding=\"async\" width=\"709\" height=\"359\" src=\"https:\/\/culturaalimentaria.org\/2024\/wp-content\/uploads\/2024\/10\/guia-ojacastro.webp\" alt=\"\" class=\"wp-image-1463\" srcset=\"https:\/\/culturaalimentaria.org\/2024\/wp-content\/uploads\/2024\/10\/guia-ojacastro.webp 709w, https:\/\/culturaalimentaria.org\/2024\/wp-content\/uploads\/2024\/10\/guia-ojacastro-300x152.webp 300w\" sizes=\"auto, (max-width: 709px) 100vw, 709px\" \/><\/figure>\n","protected":false},"excerpt":{"rendered":"<p>El viernes 11 de octubre a las 19 horas en el Fielato del Ayuntamiento de Ojacastro, tuvo lugar la charla sobre \u00abEl coste ambiental de<\/p>\n","protected":false},"author":1,"featured_media":1465,"comment_status":"open","ping_status":"open","sticky":false,"template":"","format":"standard","meta":{"footnotes":""},"categories":[36],"tags":[9,20],"class_list":["post-1462","post","type-post","status-publish","format-standard","has-post-thumbnail","hentry","category-charla","tag-charla","tag-ojacastro"],"_links":{"self":[{"href":"https:\/\/culturaalimentaria.org\/2024\/wp-json\/wp\/v2\/posts\/1462","targetHints":{"allow":["GET"]}}],"collection":[{"href":"https:\/\/culturaalimentaria.org\/2024\/wp-json\/wp\/v2\/posts"}],"about":[{"href":"https:\/\/culturaalimentaria.org\/2024\/wp-json\/wp\/v2\/types\/post"}],"author":[{"embeddable":true,"href":"https:\/\/culturaalimentaria.org\/2024\/wp-json\/wp\/v2\/users\/1"}],"replies":[{"embeddable":true,"href":"https:\/\/culturaalimentaria.org\/2024\/wp-json\/wp\/v2\/comments?post=1462"}],"version-history":[{"count":1,"href":"https:\/\/culturaalimentaria.org\/2024\/wp-json\/wp\/v2\/posts\/1462\/revisions"}],"predecessor-version":[{"id":1466,"href":"https:\/\/culturaalimentaria.org\/2024\/wp-json\/wp\/v2\/posts\/1462\/revisions\/1466"}],"wp:featuredmedia":[{"embeddable":true,"href":"https:\/\/culturaalimentaria.org\/2024\/wp-json\/wp\/v2\/media\/1465"}],"wp:attachment":[{"href":"https:\/\/culturaalimentaria.org\/2024\/wp-json\/wp\/v2\/media?parent=1462"}],"wp:term":[{"taxonomy":"category","embeddable":true,"href":"https:\/\/culturaalimentaria.org\/2024\/wp-json\/wp\/v2\/categories?post=1462"},{"taxonomy":"post_tag","embeddable":true,"href":"https:\/\/culturaalimentaria.org\/2024\/wp-json\/wp\/v2\/tags?post=1462"}],"curies":[{"name":"wp","href":"https:\/\/api.w.org\/{rel}","templated":true}]}}