{"id":1582,"date":"2024-10-22T21:00:47","date_gmt":"2024-10-22T19:00:47","guid":{"rendered":"https:\/\/culturaalimentaria.org\/2024\/?p=1582"},"modified":"2024-10-22T21:00:47","modified_gmt":"2024-10-22T19:00:47","slug":"proyecciones-en-la-universidad","status":"publish","type":"post","link":"https:\/\/culturaalimentaria.org\/2024\/proyecciones-en-la-universidad\/","title":{"rendered":"Proyecciones en la Universidad"},"content":{"rendered":"\n<p class=\"has-medium-font-size\">El mi\u00e9rcoles 16 octubre de octubre a las 18 horas, en el Sal\u00f3n de Actos de Matem\u00e1ticas del Complejo Cientifico Tecnol\u00f3gico de la Universidad de La Rioja se realiz\u00f3 la <strong>Proyecci\u00f3n: \u00abTus desperdicios y otros manjares\u00bb<\/strong>  con un posterior debate.<\/p>\n\n\n\n<p class=\"has-medium-font-size\">Y el jueves 17 de octubre a las 18 horas, tuvo lugar la <strong>Proyecci\u00f3n y posterior Debate<\/strong> del documental: <strong>\u00abEl precio del progreso\u00bb <\/strong>de V. Luengo en la Sala de grados del Complejo Cient\u00edfico Tecnol\u00f3gico de la misma Universidad.<\/p>\n\n\n\n<p class=\"has-medium-font-size\"><\/p>\n\n\n\n<figure class=\"wp-block-image size-full\"><img loading=\"lazy\" decoding=\"async\" width=\"850\" height=\"466\" src=\"https:\/\/culturaalimentaria.org\/2024\/wp-content\/uploads\/2024\/10\/Proyecciones-UR-1.webp\" alt=\"\" class=\"wp-image-1586\" srcset=\"https:\/\/culturaalimentaria.org\/2024\/wp-content\/uploads\/2024\/10\/Proyecciones-UR-1.webp 850w, https:\/\/culturaalimentaria.org\/2024\/wp-content\/uploads\/2024\/10\/Proyecciones-UR-1-300x164.webp 300w, https:\/\/culturaalimentaria.org\/2024\/wp-content\/uploads\/2024\/10\/Proyecciones-UR-1-768x421.webp 768w\" sizes=\"auto, (max-width: 850px) 100vw, 850px\" \/><\/figure>\n\n\n\n<p class=\"has-medium-font-size\">Agradecemos el inter\u00e9s mostrado a los asistentes y tambi\u00e9n a la Universidad que, a trav\u00e9s de carteles y redes sociales, participaron en la difusi\u00f3n de esta campa\u00f1a.<\/p>\n\n\n\n<figure class=\"wp-block-image size-full\"><img loading=\"lazy\" decoding=\"async\" width=\"850\" height=\"526\" src=\"https:\/\/culturaalimentaria.org\/2024\/wp-content\/uploads\/2024\/10\/Proyecciones-UNIVERSIDAD.webp\" alt=\"\" class=\"wp-image-1585\" srcset=\"https:\/\/culturaalimentaria.org\/2024\/wp-content\/uploads\/2024\/10\/Proyecciones-UNIVERSIDAD.webp 850w, https:\/\/culturaalimentaria.org\/2024\/wp-content\/uploads\/2024\/10\/Proyecciones-UNIVERSIDAD-300x186.webp 300w, https:\/\/culturaalimentaria.org\/2024\/wp-content\/uploads\/2024\/10\/Proyecciones-UNIVERSIDAD-768x475.webp 768w\" sizes=\"auto, (max-width: 850px) 100vw, 850px\" \/><\/figure>\n","protected":false},"excerpt":{"rendered":"<p>El mi\u00e9rcoles 16 octubre de octubre a las 18 horas, en el Sal\u00f3n de Actos de Matem\u00e1ticas del Complejo Cientifico Tecnol\u00f3gico de la Universidad de<\/p>\n","protected":false},"author":1,"featured_media":1584,"comment_status":"open","ping_status":"open","sticky":false,"template":"","format":"standard","meta":{"footnotes":""},"categories":[55],"tags":[57,34],"class_list":["post-1582","post","type-post","status-publish","format-standard","has-post-thumbnail","hentry","category-proyecciones","tag-proyecciones","tag-universidad-de-la-rioja"],"_links":{"self":[{"href":"https:\/\/culturaalimentaria.org\/2024\/wp-json\/wp\/v2\/posts\/1582","targetHints":{"allow":["GET"]}}],"collection":[{"href":"https:\/\/culturaalimentaria.org\/2024\/wp-json\/wp\/v2\/posts"}],"about":[{"href":"https:\/\/culturaalimentaria.org\/2024\/wp-json\/wp\/v2\/types\/post"}],"author":[{"embeddable":true,"href":"https:\/\/culturaalimentaria.org\/2024\/wp-json\/wp\/v2\/users\/1"}],"replies":[{"embeddable":true,"href":"https:\/\/culturaalimentaria.org\/2024\/wp-json\/wp\/v2\/comments?post=1582"}],"version-history":[{"count":2,"href":"https:\/\/culturaalimentaria.org\/2024\/wp-json\/wp\/v2\/posts\/1582\/revisions"}],"predecessor-version":[{"id":1587,"href":"https:\/\/culturaalimentaria.org\/2024\/wp-json\/wp\/v2\/posts\/1582\/revisions\/1587"}],"wp:featuredmedia":[{"embeddable":true,"href":"https:\/\/culturaalimentaria.org\/2024\/wp-json\/wp\/v2\/media\/1584"}],"wp:attachment":[{"href":"https:\/\/culturaalimentaria.org\/2024\/wp-json\/wp\/v2\/media?parent=1582"}],"wp:term":[{"taxonomy":"category","embeddable":true,"href":"https:\/\/culturaalimentaria.org\/2024\/wp-json\/wp\/v2\/categories?post=1582"},{"taxonomy":"post_tag","embeddable":true,"href":"https:\/\/culturaalimentaria.org\/2024\/wp-json\/wp\/v2\/tags?post=1582"}],"curies":[{"name":"wp","href":"https:\/\/api.w.org\/{rel}","templated":true}]}}