{"id":1619,"date":"2024-10-23T21:01:23","date_gmt":"2024-10-23T19:01:23","guid":{"rendered":"https:\/\/culturaalimentaria.org\/2024\/?p=1619"},"modified":"2024-10-23T21:01:24","modified_gmt":"2024-10-23T19:01:24","slug":"charla-en-ur-primaria","status":"publish","type":"post","link":"https:\/\/culturaalimentaria.org\/2024\/charla-en-ur-primaria\/","title":{"rendered":"Charla en Universidad de La Rioja"},"content":{"rendered":"\n<p class=\"has-medium-font-size\">El martes 22 de octubre a las 12 horas en la Universidad de La Rioja, grado en Educaci\u00f3n Primaria, tuvo lugar la charla sobre \u00abEl coste ambiental de lo que comemos. C\u00f3mo la producci\u00f3n de alimentos y nuestros h\u00e1bitos de consumo afectan al medioambiente.\u00bb<\/p>\n\n\n\n<figure class=\"wp-block-image size-full\"><img loading=\"lazy\" decoding=\"async\" width=\"992\" height=\"542\" src=\"https:\/\/culturaalimentaria.org\/2024\/wp-content\/uploads\/2024\/10\/Charla-UR-primaria.webp\" alt=\"\" class=\"wp-image-1620\" srcset=\"https:\/\/culturaalimentaria.org\/2024\/wp-content\/uploads\/2024\/10\/Charla-UR-primaria.webp 992w, https:\/\/culturaalimentaria.org\/2024\/wp-content\/uploads\/2024\/10\/Charla-UR-primaria-300x164.webp 300w, https:\/\/culturaalimentaria.org\/2024\/wp-content\/uploads\/2024\/10\/Charla-UR-primaria-768x420.webp 768w\" sizes=\"auto, (max-width: 992px) 100vw, 992px\" \/><\/figure>\n\n\n\n<p class=\"has-medium-font-size\">Agradecemos a la Universidad de La Rioja que, a trav\u00e9s de carteles y redes sociales, particip\u00f3 en la difusi\u00f3n de esta campa\u00f1a y a los alumnos asistentes a la charla por el inter\u00e9s mostrado.<\/p>\n\n\n\n<figure class=\"wp-block-image size-full\"><img loading=\"lazy\" decoding=\"async\" width=\"850\" height=\"611\" src=\"https:\/\/culturaalimentaria.org\/2024\/wp-content\/uploads\/2024\/10\/Guia-FO.webp\" alt=\"\" class=\"wp-image-1622\" srcset=\"https:\/\/culturaalimentaria.org\/2024\/wp-content\/uploads\/2024\/10\/Guia-FO.webp 850w, https:\/\/culturaalimentaria.org\/2024\/wp-content\/uploads\/2024\/10\/Guia-FO-300x216.webp 300w, https:\/\/culturaalimentaria.org\/2024\/wp-content\/uploads\/2024\/10\/Guia-FO-768x552.webp 768w\" sizes=\"auto, (max-width: 850px) 100vw, 850px\" \/><\/figure>\n","protected":false},"excerpt":{"rendered":"<p>El martes 22 de octubre a las 12 horas en la Universidad de La Rioja, grado en Educaci\u00f3n Primaria, tuvo lugar la charla sobre \u00abEl<\/p>\n","protected":false},"author":1,"featured_media":1621,"comment_status":"open","ping_status":"open","sticky":false,"template":"","format":"standard","meta":{"footnotes":""},"categories":[36],"tags":[9,70,34,69],"class_list":["post-1619","post","type-post","status-publish","format-standard","has-post-thumbnail","hentry","category-charla","tag-charla","tag-educacion-primaria","tag-universidad-de-la-rioja","tag-ur"],"_links":{"self":[{"href":"https:\/\/culturaalimentaria.org\/2024\/wp-json\/wp\/v2\/posts\/1619","targetHints":{"allow":["GET"]}}],"collection":[{"href":"https:\/\/culturaalimentaria.org\/2024\/wp-json\/wp\/v2\/posts"}],"about":[{"href":"https:\/\/culturaalimentaria.org\/2024\/wp-json\/wp\/v2\/types\/post"}],"author":[{"embeddable":true,"href":"https:\/\/culturaalimentaria.org\/2024\/wp-json\/wp\/v2\/users\/1"}],"replies":[{"embeddable":true,"href":"https:\/\/culturaalimentaria.org\/2024\/wp-json\/wp\/v2\/comments?post=1619"}],"version-history":[{"count":1,"href":"https:\/\/culturaalimentaria.org\/2024\/wp-json\/wp\/v2\/posts\/1619\/revisions"}],"predecessor-version":[{"id":1623,"href":"https:\/\/culturaalimentaria.org\/2024\/wp-json\/wp\/v2\/posts\/1619\/revisions\/1623"}],"wp:featuredmedia":[{"embeddable":true,"href":"https:\/\/culturaalimentaria.org\/2024\/wp-json\/wp\/v2\/media\/1621"}],"wp:attachment":[{"href":"https:\/\/culturaalimentaria.org\/2024\/wp-json\/wp\/v2\/media?parent=1619"}],"wp:term":[{"taxonomy":"category","embeddable":true,"href":"https:\/\/culturaalimentaria.org\/2024\/wp-json\/wp\/v2\/categories?post=1619"},{"taxonomy":"post_tag","embeddable":true,"href":"https:\/\/culturaalimentaria.org\/2024\/wp-json\/wp\/v2\/tags?post=1619"}],"curies":[{"name":"wp","href":"https:\/\/api.w.org\/{rel}","templated":true}]}}