{"id":1624,"date":"2024-10-23T21:16:19","date_gmt":"2024-10-23T19:16:19","guid":{"rendered":"https:\/\/culturaalimentaria.org\/2024\/?p=1624"},"modified":"2024-10-23T21:16:20","modified_gmt":"2024-10-23T19:16:20","slug":"proyeccion-y-debate-en-corera","status":"publish","type":"post","link":"https:\/\/culturaalimentaria.org\/2024\/proyeccion-y-debate-en-corera\/","title":{"rendered":"Proyecci\u00f3n y Debate en Corera"},"content":{"rendered":"\n<p class=\"has-medium-font-size\">El martes 22 de octubre a las 20 horas en el Sal\u00f3n de Plenos del Ayuntamiento de Corera se realiz\u00f3 la <strong>Proyecci\u00f3n y posterior Debate del documental de Diego Garc\u00eda Vega <a href=\"https:\/\/culturaalimentaria.org\/2024\/revivir-el-campo\/\" target=\"_blank\" rel=\"noreferrer noopener\">\u00abRevivir el campo\u00bb<\/a><\/strong> que aborda la transici\u00f3n hacia la agricultura regenerativa.<\/p>\n\n\n\n<figure class=\"wp-block-image size-full\"><img loading=\"lazy\" decoding=\"async\" width=\"850\" height=\"739\" src=\"https:\/\/culturaalimentaria.org\/2024\/wp-content\/uploads\/2024\/10\/Cartel-Corera.webp\" alt=\"\" class=\"wp-image-1625\" srcset=\"https:\/\/culturaalimentaria.org\/2024\/wp-content\/uploads\/2024\/10\/Cartel-Corera.webp 850w, https:\/\/culturaalimentaria.org\/2024\/wp-content\/uploads\/2024\/10\/Cartel-Corera-300x261.webp 300w, https:\/\/culturaalimentaria.org\/2024\/wp-content\/uploads\/2024\/10\/Cartel-Corera-768x668.webp 768w\" sizes=\"auto, (max-width: 850px) 100vw, 850px\" \/><\/figure>\n\n\n\n<p class=\"has-medium-font-size\">Agradecemos al Ayuntamiento de Corera que, a trav\u00e9s de carteles y redes sociales, participaron en la difusi\u00f3n de esta campa\u00f1a y a todos los asistentes por el inter\u00e9s mostrado.<\/p>\n\n\n\n<figure class=\"wp-block-image size-full\"><img loading=\"lazy\" decoding=\"async\" width=\"992\" height=\"477\" src=\"https:\/\/culturaalimentaria.org\/2024\/wp-content\/uploads\/2024\/10\/Debate-Corera.webp\" alt=\"\" class=\"wp-image-1626\" srcset=\"https:\/\/culturaalimentaria.org\/2024\/wp-content\/uploads\/2024\/10\/Debate-Corera.webp 992w, https:\/\/culturaalimentaria.org\/2024\/wp-content\/uploads\/2024\/10\/Debate-Corera-300x144.webp 300w, https:\/\/culturaalimentaria.org\/2024\/wp-content\/uploads\/2024\/10\/Debate-Corera-768x369.webp 768w\" sizes=\"auto, (max-width: 992px) 100vw, 992px\" \/><\/figure>\n","protected":false},"excerpt":{"rendered":"<p>El martes 22 de octubre a las 20 horas en el Sal\u00f3n de Plenos del Ayuntamiento de Corera se realiz\u00f3 la Proyecci\u00f3n y posterior Debate<\/p>\n","protected":false},"author":1,"featured_media":1627,"comment_status":"open","ping_status":"open","sticky":false,"template":"","format":"standard","meta":{"footnotes":""},"categories":[56,55],"tags":[62,58,57],"class_list":["post-1624","post","type-post","status-publish","format-standard","has-post-thumbnail","hentry","category-debates","category-proyecciones","tag-corera","tag-debates","tag-proyecciones"],"_links":{"self":[{"href":"https:\/\/culturaalimentaria.org\/2024\/wp-json\/wp\/v2\/posts\/1624","targetHints":{"allow":["GET"]}}],"collection":[{"href":"https:\/\/culturaalimentaria.org\/2024\/wp-json\/wp\/v2\/posts"}],"about":[{"href":"https:\/\/culturaalimentaria.org\/2024\/wp-json\/wp\/v2\/types\/post"}],"author":[{"embeddable":true,"href":"https:\/\/culturaalimentaria.org\/2024\/wp-json\/wp\/v2\/users\/1"}],"replies":[{"embeddable":true,"href":"https:\/\/culturaalimentaria.org\/2024\/wp-json\/wp\/v2\/comments?post=1624"}],"version-history":[{"count":1,"href":"https:\/\/culturaalimentaria.org\/2024\/wp-json\/wp\/v2\/posts\/1624\/revisions"}],"predecessor-version":[{"id":1628,"href":"https:\/\/culturaalimentaria.org\/2024\/wp-json\/wp\/v2\/posts\/1624\/revisions\/1628"}],"wp:featuredmedia":[{"embeddable":true,"href":"https:\/\/culturaalimentaria.org\/2024\/wp-json\/wp\/v2\/media\/1627"}],"wp:attachment":[{"href":"https:\/\/culturaalimentaria.org\/2024\/wp-json\/wp\/v2\/media?parent=1624"}],"wp:term":[{"taxonomy":"category","embeddable":true,"href":"https:\/\/culturaalimentaria.org\/2024\/wp-json\/wp\/v2\/categories?post=1624"},{"taxonomy":"post_tag","embeddable":true,"href":"https:\/\/culturaalimentaria.org\/2024\/wp-json\/wp\/v2\/tags?post=1624"}],"curies":[{"name":"wp","href":"https:\/\/api.w.org\/{rel}","templated":true}]}}