{"id":1690,"date":"2024-10-29T12:35:56","date_gmt":"2024-10-29T11:35:56","guid":{"rendered":"https:\/\/culturaalimentaria.org\/2024\/?p=1690"},"modified":"2024-10-29T12:35:56","modified_gmt":"2024-10-29T11:35:56","slug":"charla-en-banares","status":"publish","type":"post","link":"https:\/\/culturaalimentaria.org\/2024\/charla-en-banares\/","title":{"rendered":"Charla en Ba\u00f1ares"},"content":{"rendered":"\n<p class=\"has-medium-font-size\">El lunes 28 de octubre a las 20 horas tuvo lugar la charla sobre \u00abEl coste ambiental de lo que comemos. C\u00f3mo la producci\u00f3n de alimentos y nuestros h\u00e1bitos de consumo afectan al medioambiente.\u00bb en el Sal\u00f3n planta baja del Ayuntamiento de Ba\u00f1ares, La Rioja.<\/p>\n\n\n\n<figure class=\"wp-block-image size-full\"><img loading=\"lazy\" decoding=\"async\" width=\"992\" height=\"548\" src=\"https:\/\/culturaalimentaria.org\/2024\/wp-content\/uploads\/2024\/10\/Banares-charla.jpg\" alt=\"\" class=\"wp-image-1692\" srcset=\"https:\/\/culturaalimentaria.org\/2024\/wp-content\/uploads\/2024\/10\/Banares-charla.jpg 992w, https:\/\/culturaalimentaria.org\/2024\/wp-content\/uploads\/2024\/10\/Banares-charla-300x166.jpg 300w, https:\/\/culturaalimentaria.org\/2024\/wp-content\/uploads\/2024\/10\/Banares-charla-768x424.jpg 768w\" sizes=\"auto, (max-width: 992px) 100vw, 992px\" \/><\/figure>\n\n\n\n<p class=\"has-medium-font-size\">Agradecemos al Ayuntamiento de Ba\u00f1ares que, a trav\u00e9s de carteles y redes sociales, participaron en la difusi\u00f3n de esta campa\u00f1a.<\/p>\n\n\n\n<figure class=\"wp-block-image size-full\"><img loading=\"lazy\" decoding=\"async\" width=\"992\" height=\"590\" src=\"https:\/\/culturaalimentaria.org\/2024\/wp-content\/uploads\/2024\/10\/Cartel-Banares.webp\" alt=\"\" class=\"wp-image-1693\" srcset=\"https:\/\/culturaalimentaria.org\/2024\/wp-content\/uploads\/2024\/10\/Cartel-Banares.webp 992w, https:\/\/culturaalimentaria.org\/2024\/wp-content\/uploads\/2024\/10\/Cartel-Banares-300x178.webp 300w, https:\/\/culturaalimentaria.org\/2024\/wp-content\/uploads\/2024\/10\/Cartel-Banares-768x457.webp 768w, https:\/\/culturaalimentaria.org\/2024\/wp-content\/uploads\/2024\/10\/Cartel-Banares-470x280.webp 470w\" sizes=\"auto, (max-width: 992px) 100vw, 992px\" \/><\/figure>\n\n\n\n<p><\/p>\n\n\n\n<p><\/p>\n\n\n\n<p><\/p>\n","protected":false},"excerpt":{"rendered":"<p>El lunes 28 de octubre a las 20 horas tuvo lugar la charla sobre \u00abEl coste ambiental de lo que comemos. C\u00f3mo la producci\u00f3n de<\/p>\n","protected":false},"author":1,"featured_media":1694,"comment_status":"open","ping_status":"open","sticky":false,"template":"","format":"standard","meta":{"footnotes":""},"categories":[36],"tags":[19,9],"class_list":["post-1690","post","type-post","status-publish","format-standard","has-post-thumbnail","hentry","category-charla","tag-banares","tag-charla"],"_links":{"self":[{"href":"https:\/\/culturaalimentaria.org\/2024\/wp-json\/wp\/v2\/posts\/1690","targetHints":{"allow":["GET"]}}],"collection":[{"href":"https:\/\/culturaalimentaria.org\/2024\/wp-json\/wp\/v2\/posts"}],"about":[{"href":"https:\/\/culturaalimentaria.org\/2024\/wp-json\/wp\/v2\/types\/post"}],"author":[{"embeddable":true,"href":"https:\/\/culturaalimentaria.org\/2024\/wp-json\/wp\/v2\/users\/1"}],"replies":[{"embeddable":true,"href":"https:\/\/culturaalimentaria.org\/2024\/wp-json\/wp\/v2\/comments?post=1690"}],"version-history":[{"count":2,"href":"https:\/\/culturaalimentaria.org\/2024\/wp-json\/wp\/v2\/posts\/1690\/revisions"}],"predecessor-version":[{"id":1695,"href":"https:\/\/culturaalimentaria.org\/2024\/wp-json\/wp\/v2\/posts\/1690\/revisions\/1695"}],"wp:featuredmedia":[{"embeddable":true,"href":"https:\/\/culturaalimentaria.org\/2024\/wp-json\/wp\/v2\/media\/1694"}],"wp:attachment":[{"href":"https:\/\/culturaalimentaria.org\/2024\/wp-json\/wp\/v2\/media?parent=1690"}],"wp:term":[{"taxonomy":"category","embeddable":true,"href":"https:\/\/culturaalimentaria.org\/2024\/wp-json\/wp\/v2\/categories?post=1690"},{"taxonomy":"post_tag","embeddable":true,"href":"https:\/\/culturaalimentaria.org\/2024\/wp-json\/wp\/v2\/tags?post=1690"}],"curies":[{"name":"wp","href":"https:\/\/api.w.org\/{rel}","templated":true}]}}