{"id":1743,"date":"2024-11-12T17:53:18","date_gmt":"2024-11-12T16:53:18","guid":{"rendered":"https:\/\/culturaalimentaria.org\/2024\/?p=1743"},"modified":"2024-11-12T17:53:18","modified_gmt":"2024-11-12T16:53:18","slug":"charla-en-navarrete","status":"publish","type":"post","link":"https:\/\/culturaalimentaria.org\/2024\/charla-en-navarrete\/","title":{"rendered":"Charla en Navarrete"},"content":{"rendered":"\n<p class=\"has-medium-font-size\">El viernes 8 de Noviembre a las 19 horas tuvo lugar la charla sobre \u00abEl coste ambiental de lo que comemos. C\u00f3mo la producci\u00f3n de alimentos y nuestros h\u00e1bitos de consumo afectan al medioambiente.\u00bb en el Sal\u00f3n de Actos del Ayuntamiento de Navarrete, La Rioja.<\/p>\n\n\n\n<figure class=\"wp-block-image size-full\"><img loading=\"lazy\" decoding=\"async\" width=\"992\" height=\"636\" src=\"https:\/\/culturaalimentaria.org\/2024\/wp-content\/uploads\/2024\/11\/Charla-Navarrete.jpg\" alt=\"\" class=\"wp-image-1745\" srcset=\"https:\/\/culturaalimentaria.org\/2024\/wp-content\/uploads\/2024\/11\/Charla-Navarrete.jpg 992w, https:\/\/culturaalimentaria.org\/2024\/wp-content\/uploads\/2024\/11\/Charla-Navarrete-300x192.jpg 300w, https:\/\/culturaalimentaria.org\/2024\/wp-content\/uploads\/2024\/11\/Charla-Navarrete-768x492.jpg 768w\" sizes=\"auto, (max-width: 992px) 100vw, 992px\" \/><\/figure>\n\n\n\n<p class=\"has-medium-font-size\">Agradecemos al Ayuntamiento de Navarrete que, a trav\u00e9s de carteles y redes sociales, participaron en la difusi\u00f3n de esta campa\u00f1a.<\/p>\n\n\n\n<figure class=\"wp-block-image size-full\"><img loading=\"lazy\" decoding=\"async\" width=\"992\" height=\"572\" src=\"https:\/\/culturaalimentaria.org\/2024\/wp-content\/uploads\/2024\/11\/Cartel-Navarrete.webp\" alt=\"\" class=\"wp-image-1744\" srcset=\"https:\/\/culturaalimentaria.org\/2024\/wp-content\/uploads\/2024\/11\/Cartel-Navarrete.webp 992w, https:\/\/culturaalimentaria.org\/2024\/wp-content\/uploads\/2024\/11\/Cartel-Navarrete-300x173.webp 300w, https:\/\/culturaalimentaria.org\/2024\/wp-content\/uploads\/2024\/11\/Cartel-Navarrete-768x443.webp 768w\" sizes=\"auto, (max-width: 992px) 100vw, 992px\" \/><\/figure>\n\n\n\n<p><\/p>\n\n\n\n<p><\/p>\n\n\n\n<p><\/p>\n","protected":false},"excerpt":{"rendered":"<p>El viernes 8 de Noviembre a las 19 horas tuvo lugar la charla sobre \u00abEl coste ambiental de lo que comemos. C\u00f3mo la producci\u00f3n de<\/p>\n","protected":false},"author":1,"featured_media":1746,"comment_status":"open","ping_status":"open","sticky":false,"template":"","format":"standard","meta":{"footnotes":""},"categories":[36],"tags":[9,16],"class_list":["post-1743","post","type-post","status-publish","format-standard","has-post-thumbnail","hentry","category-charla","tag-charla","tag-navarrete"],"_links":{"self":[{"href":"https:\/\/culturaalimentaria.org\/2024\/wp-json\/wp\/v2\/posts\/1743","targetHints":{"allow":["GET"]}}],"collection":[{"href":"https:\/\/culturaalimentaria.org\/2024\/wp-json\/wp\/v2\/posts"}],"about":[{"href":"https:\/\/culturaalimentaria.org\/2024\/wp-json\/wp\/v2\/types\/post"}],"author":[{"embeddable":true,"href":"https:\/\/culturaalimentaria.org\/2024\/wp-json\/wp\/v2\/users\/1"}],"replies":[{"embeddable":true,"href":"https:\/\/culturaalimentaria.org\/2024\/wp-json\/wp\/v2\/comments?post=1743"}],"version-history":[{"count":1,"href":"https:\/\/culturaalimentaria.org\/2024\/wp-json\/wp\/v2\/posts\/1743\/revisions"}],"predecessor-version":[{"id":1747,"href":"https:\/\/culturaalimentaria.org\/2024\/wp-json\/wp\/v2\/posts\/1743\/revisions\/1747"}],"wp:featuredmedia":[{"embeddable":true,"href":"https:\/\/culturaalimentaria.org\/2024\/wp-json\/wp\/v2\/media\/1746"}],"wp:attachment":[{"href":"https:\/\/culturaalimentaria.org\/2024\/wp-json\/wp\/v2\/media?parent=1743"}],"wp:term":[{"taxonomy":"category","embeddable":true,"href":"https:\/\/culturaalimentaria.org\/2024\/wp-json\/wp\/v2\/categories?post=1743"},{"taxonomy":"post_tag","embeddable":true,"href":"https:\/\/culturaalimentaria.org\/2024\/wp-json\/wp\/v2\/tags?post=1743"}],"curies":[{"name":"wp","href":"https:\/\/api.w.org\/{rel}","templated":true}]}}