{"id":1760,"date":"2024-11-18T10:38:46","date_gmt":"2024-11-18T09:38:46","guid":{"rendered":"https:\/\/culturaalimentaria.org\/2024\/?p=1760"},"modified":"2024-11-18T11:39:06","modified_gmt":"2024-11-18T10:39:06","slug":"proyeccion-y-debate-en-arnedo","status":"publish","type":"post","link":"https:\/\/culturaalimentaria.org\/2024\/proyeccion-y-debate-en-arnedo\/","title":{"rendered":"Proyecci\u00f3n y Debate en Arnedo"},"content":{"rendered":"\n<p class=\"has-medium-font-size\">El jueves 14 de noviembre a las 18 horas, en la Casa de Cultura del Ayuntamiento de Arnedo para la <strong>Universidad de la Experiencia<\/strong> de la Universidad de La Rioja, se realiz\u00f3 la\u00a0<strong>proyecci\u00f3n del documental \u201cLA CESTA\u201d Comemos lo que compramos<\/strong> de Angelines Gonz\u00e1lez y Fernando S\u00e1enz, \u00a0con un posterior debate.<\/p>\n\n\n\n<figure class=\"wp-block-image size-full\"><img loading=\"lazy\" decoding=\"async\" width=\"992\" height=\"522\" src=\"https:\/\/culturaalimentaria.org\/2024\/wp-content\/uploads\/2024\/11\/UE-Arnedo-charla.jpg\" alt=\"\" class=\"wp-image-1757\" srcset=\"https:\/\/culturaalimentaria.org\/2024\/wp-content\/uploads\/2024\/11\/UE-Arnedo-charla.jpg 992w, https:\/\/culturaalimentaria.org\/2024\/wp-content\/uploads\/2024\/11\/UE-Arnedo-charla-300x158.jpg 300w, https:\/\/culturaalimentaria.org\/2024\/wp-content\/uploads\/2024\/11\/UE-Arnedo-charla-768x404.jpg 768w\" sizes=\"auto, (max-width: 992px) 100vw, 992px\" \/><\/figure>\n\n\n\n<p class=\"has-medium-font-size\">Agradecemos a la Universidad de la Experiencia que, a trav\u00e9s de carteles y redes sociales, participaron en la difusi\u00f3n de esta campa\u00f1a y a todos los asistentes por el inter\u00e9s mostrado.<\/p>\n\n\n\n<figure class=\"wp-block-image size-full\"><img loading=\"lazy\" decoding=\"async\" width=\"992\" height=\"510\" src=\"https:\/\/culturaalimentaria.org\/2024\/wp-content\/uploads\/2024\/11\/Cartel-Arnedo-UE.webp\" alt=\"\" class=\"wp-image-1756\" srcset=\"https:\/\/culturaalimentaria.org\/2024\/wp-content\/uploads\/2024\/11\/Cartel-Arnedo-UE.webp 992w, https:\/\/culturaalimentaria.org\/2024\/wp-content\/uploads\/2024\/11\/Cartel-Arnedo-UE-300x154.webp 300w, https:\/\/culturaalimentaria.org\/2024\/wp-content\/uploads\/2024\/11\/Cartel-Arnedo-UE-768x395.webp 768w\" sizes=\"auto, (max-width: 992px) 100vw, 992px\" \/><\/figure>\n\n\n\n<p><\/p>\n","protected":false},"excerpt":{"rendered":"<p>El jueves 14 de noviembre a las 18 horas, en la Casa de Cultura del Ayuntamiento de Arnedo para la Universidad de la Experiencia de<\/p>\n","protected":false},"author":1,"featured_media":1758,"comment_status":"open","ping_status":"open","sticky":false,"template":"","format":"standard","meta":{"footnotes":""},"categories":[56,55],"tags":[82,58,81,57,60,34],"class_list":["post-1760","post","type-post","status-publish","format-standard","has-post-thumbnail","hentry","category-debates","category-proyecciones","tag-arnedo","tag-debates","tag-la-cesta","tag-proyecciones","tag-universidad-de-la-experiencia","tag-universidad-de-la-rioja"],"_links":{"self":[{"href":"https:\/\/culturaalimentaria.org\/2024\/wp-json\/wp\/v2\/posts\/1760","targetHints":{"allow":["GET"]}}],"collection":[{"href":"https:\/\/culturaalimentaria.org\/2024\/wp-json\/wp\/v2\/posts"}],"about":[{"href":"https:\/\/culturaalimentaria.org\/2024\/wp-json\/wp\/v2\/types\/post"}],"author":[{"embeddable":true,"href":"https:\/\/culturaalimentaria.org\/2024\/wp-json\/wp\/v2\/users\/1"}],"replies":[{"embeddable":true,"href":"https:\/\/culturaalimentaria.org\/2024\/wp-json\/wp\/v2\/comments?post=1760"}],"version-history":[{"count":1,"href":"https:\/\/culturaalimentaria.org\/2024\/wp-json\/wp\/v2\/posts\/1760\/revisions"}],"predecessor-version":[{"id":1766,"href":"https:\/\/culturaalimentaria.org\/2024\/wp-json\/wp\/v2\/posts\/1760\/revisions\/1766"}],"wp:featuredmedia":[{"embeddable":true,"href":"https:\/\/culturaalimentaria.org\/2024\/wp-json\/wp\/v2\/media\/1758"}],"wp:attachment":[{"href":"https:\/\/culturaalimentaria.org\/2024\/wp-json\/wp\/v2\/media?parent=1760"}],"wp:term":[{"taxonomy":"category","embeddable":true,"href":"https:\/\/culturaalimentaria.org\/2024\/wp-json\/wp\/v2\/categories?post=1760"},{"taxonomy":"post_tag","embeddable":true,"href":"https:\/\/culturaalimentaria.org\/2024\/wp-json\/wp\/v2\/tags?post=1760"}],"curies":[{"name":"wp","href":"https:\/\/api.w.org\/{rel}","templated":true}]}}