{"id":1788,"date":"2024-12-04T20:10:00","date_gmt":"2024-12-04T19:10:00","guid":{"rendered":"https:\/\/culturaalimentaria.org\/2024\/?p=1788"},"modified":"2024-12-04T20:10:00","modified_gmt":"2024-12-04T19:10:00","slug":"charla-en-el-ceip-beato-jeronimo-hermosilla","status":"publish","type":"post","link":"https:\/\/culturaalimentaria.org\/2024\/charla-en-el-ceip-beato-jeronimo-hermosilla\/","title":{"rendered":"Charla en el CEIP Beato Jer\u00f3nimo Hermosilla"},"content":{"rendered":"\n<p class=\"has-medium-font-size\">El martes 3 de diciembre a las 12.30 horas tuvo lugar la charla sobre \u00abEl coste ambiental de lo que comemos. C\u00f3mo la producci\u00f3n de alimentos y nuestros h\u00e1bitos de consumo afectan al medioambiente.\u00bb para los alumnos de 4\u00ba de primaria del CEIP Beato Jer\u00f3nimo Hermosilla de Santo Domingo de la Calzada, La Rioja.<\/p>\n\n\n\n<p class=\"has-medium-font-size\">Agradecemos al colegio que, a trav\u00e9s de carteles y redes sociales, participaron en la difusi\u00f3n de esta campa\u00f1a.<\/p>\n\n\n\n<p><\/p>\n\n\n\n<p><\/p>\n\n\n\n<p><\/p>\n","protected":false},"excerpt":{"rendered":"<p>El martes 3 de diciembre a las 12.30 horas tuvo lugar la charla sobre \u00abEl coste ambiental de lo que comemos. C\u00f3mo la producci\u00f3n de<\/p>\n","protected":false},"author":1,"featured_media":1789,"comment_status":"open","ping_status":"open","sticky":false,"template":"","format":"standard","meta":{"footnotes":""},"categories":[36],"tags":[88,9,74],"class_list":["post-1788","post","type-post","status-publish","format-standard","has-post-thumbnail","hentry","category-charla","tag-ceip-beato-jeronimo-hermosilla","tag-charla","tag-santo-domingo-de-la-calzada"],"_links":{"self":[{"href":"https:\/\/culturaalimentaria.org\/2024\/wp-json\/wp\/v2\/posts\/1788","targetHints":{"allow":["GET"]}}],"collection":[{"href":"https:\/\/culturaalimentaria.org\/2024\/wp-json\/wp\/v2\/posts"}],"about":[{"href":"https:\/\/culturaalimentaria.org\/2024\/wp-json\/wp\/v2\/types\/post"}],"author":[{"embeddable":true,"href":"https:\/\/culturaalimentaria.org\/2024\/wp-json\/wp\/v2\/users\/1"}],"replies":[{"embeddable":true,"href":"https:\/\/culturaalimentaria.org\/2024\/wp-json\/wp\/v2\/comments?post=1788"}],"version-history":[{"count":1,"href":"https:\/\/culturaalimentaria.org\/2024\/wp-json\/wp\/v2\/posts\/1788\/revisions"}],"predecessor-version":[{"id":1790,"href":"https:\/\/culturaalimentaria.org\/2024\/wp-json\/wp\/v2\/posts\/1788\/revisions\/1790"}],"wp:featuredmedia":[{"embeddable":true,"href":"https:\/\/culturaalimentaria.org\/2024\/wp-json\/wp\/v2\/media\/1789"}],"wp:attachment":[{"href":"https:\/\/culturaalimentaria.org\/2024\/wp-json\/wp\/v2\/media?parent=1788"}],"wp:term":[{"taxonomy":"category","embeddable":true,"href":"https:\/\/culturaalimentaria.org\/2024\/wp-json\/wp\/v2\/categories?post=1788"},{"taxonomy":"post_tag","embeddable":true,"href":"https:\/\/culturaalimentaria.org\/2024\/wp-json\/wp\/v2\/tags?post=1788"}],"curies":[{"name":"wp","href":"https:\/\/api.w.org\/{rel}","templated":true}]}}