{"id":1800,"date":"2024-12-17T13:18:26","date_gmt":"2024-12-17T12:18:26","guid":{"rendered":"https:\/\/culturaalimentaria.org\/2024\/?p=1800"},"modified":"2024-12-17T13:18:27","modified_gmt":"2024-12-17T12:18:27","slug":"charla-en-el-ies-valle-del-cidacos","status":"publish","type":"post","link":"https:\/\/culturaalimentaria.org\/2024\/charla-en-el-ies-valle-del-cidacos\/","title":{"rendered":"Charla en el IES Valle del Cidacos"},"content":{"rendered":"\n<p class=\"has-medium-font-size\">El lunes 16 de diciembre a las 9.25 horas tuvo lugar la charla sobre \u00abEl coste ambiental de lo que comemos. C\u00f3mo la producci\u00f3n de alimentos y nuestros h\u00e1bitos de consumo afectan al medioambiente.\u00bb para los alumnos de 2\u00ba ESO del IES Valle del Cidacos de Calahorra, La Rioja.<\/p>\n\n\n\n<p class=\"has-medium-font-size\">Agradecemos al Instituto de Educaci\u00f3n Secundaria Valle del Cidacos de Calahorra que, a trav\u00e9s de carteles y redes sociales, participaron en la difusi\u00f3n de esta campa\u00f1a.<\/p>\n\n\n\n<p><\/p>\n\n\n\n<p><\/p>\n\n\n\n<p><\/p>\n","protected":false},"excerpt":{"rendered":"<p>El lunes 16 de diciembre a las 9.25 horas tuvo lugar la charla sobre \u00abEl coste ambiental de lo que comemos. C\u00f3mo la producci\u00f3n de<\/p>\n","protected":false},"author":1,"featured_media":1802,"comment_status":"open","ping_status":"open","sticky":false,"template":"","format":"standard","meta":{"footnotes":""},"categories":[36],"tags":[18,9,84],"class_list":["post-1800","post","type-post","status-publish","format-standard","has-post-thumbnail","hentry","category-charla","tag-calahorra","tag-charla","tag-ies-valle-del-cidacos"],"_links":{"self":[{"href":"https:\/\/culturaalimentaria.org\/2024\/wp-json\/wp\/v2\/posts\/1800","targetHints":{"allow":["GET"]}}],"collection":[{"href":"https:\/\/culturaalimentaria.org\/2024\/wp-json\/wp\/v2\/posts"}],"about":[{"href":"https:\/\/culturaalimentaria.org\/2024\/wp-json\/wp\/v2\/types\/post"}],"author":[{"embeddable":true,"href":"https:\/\/culturaalimentaria.org\/2024\/wp-json\/wp\/v2\/users\/1"}],"replies":[{"embeddable":true,"href":"https:\/\/culturaalimentaria.org\/2024\/wp-json\/wp\/v2\/comments?post=1800"}],"version-history":[{"count":1,"href":"https:\/\/culturaalimentaria.org\/2024\/wp-json\/wp\/v2\/posts\/1800\/revisions"}],"predecessor-version":[{"id":1803,"href":"https:\/\/culturaalimentaria.org\/2024\/wp-json\/wp\/v2\/posts\/1800\/revisions\/1803"}],"wp:featuredmedia":[{"embeddable":true,"href":"https:\/\/culturaalimentaria.org\/2024\/wp-json\/wp\/v2\/media\/1802"}],"wp:attachment":[{"href":"https:\/\/culturaalimentaria.org\/2024\/wp-json\/wp\/v2\/media?parent=1800"}],"wp:term":[{"taxonomy":"category","embeddable":true,"href":"https:\/\/culturaalimentaria.org\/2024\/wp-json\/wp\/v2\/categories?post=1800"},{"taxonomy":"post_tag","embeddable":true,"href":"https:\/\/culturaalimentaria.org\/2024\/wp-json\/wp\/v2\/tags?post=1800"}],"curies":[{"name":"wp","href":"https:\/\/api.w.org\/{rel}","templated":true}]}}